{"provider_url": "https://www.uniaodavitoria.pr.leg.br", "title": "3\u00aa SESS\u00c3O ORDIN\u00c1RIA ", "html": "<p>A Sess\u00e3o Ordin\u00e1ria contou com as indica\u00e7\u00f5es de iniciativa dos vereadores: Jonimar Roberto Arndt (PL) que solicitou ponto de \u00f4nibus na proximidade do Corpo de Bombeiros; Cordovan Frederico de Melo Neto (PSB) apontou a necessidade de servi\u00e7os de jardinagem e limpeza no Morro do Cristo; Anderson Cripa Luis Cardoso (PR) aten\u00e7\u00e3o especial ao Centro Comunit\u00e1rio do bairro Rio da Areia; Marco Ant\u00f4nio Caus (PL) manuten\u00e7\u00e3o geral da Pra\u00e7a dos Expedicion\u00e1rios; Jonimar Roberto Arndt (PL) manuten\u00e7\u00e3o da ciclovia compreendida entre a Avenida Paula Freitas at\u00e9 a frente do Corpo de Bombeiros; Marcio Fernando Utzig (PSD) melhoramento do Sistema de simula\u00e7\u00e3o junto ao FUMPREVI e estudos financeiros e da legisla\u00e7\u00e3o vigente para melhor adequa\u00e7\u00e3o aos vencimentos dos educadores f\u00edsicos nomeados e para que seja alterada a denomina\u00e7\u00e3o de \u201cEducador f\u00edsico\u201d para \u201cProfissional de Educa\u00e7\u00e3o F\u00edsica\u201d. A Vereadora Thays Bieberbach (PT) indicou a necessidade de ilumina\u00e7\u00e3o nas proximidades do Col\u00e9gio Estadual Astolpho Macedo Souza e nas proximidades do Col\u00e9gio Estadual T\u00falio de Fran\u00e7a. Al\u00e9m destas, diversas solicita\u00e7\u00f5es dos vereadores para pavimenta\u00e7\u00e3o e manuten\u00e7\u00e3o de vias no Distrito de S\u00e3o Crist\u00f3v\u00e3o, Bairro S\u00e3o Sebasti\u00e3o, Cidade Jardim, localidade do Rio D\u00b4Areia e melhorias no Campo da Associa\u00e7\u00e3o de Moradores do S\u00e3o Braz. Marco Ant\u00f4nio Caus (PL) e Marcio Fernando Utzig (PSD) reveindicaram a busca de recursos com o programa Paran\u00e1 Mais Cidades.</p>\r\n<p>A Tribuna Popular contou com a participa\u00e7\u00e3o do Dr. Luis Roberto Santos Pires, m\u00e9dico ginecologista que fundou a APCCU, Associa\u00e7\u00e3o de Preven\u00e7\u00e3o ao C\u00e2ncer de C\u00f3lo de \u00datero. A Associa\u00e7\u00e3o foi fundada pelo m\u00e9dico em junho de 2023 e \u00e9 baseada em estudos realizados e compreendidos entre 2012 e 2019 com objetivo do desenvolvimento de trabalho envolvendo preven\u00e7\u00e3o, conscientiza\u00e7\u00e3o e combate ao c\u00e2ncer de c\u00f3lo de \u00fatero. O m\u00e9dico ressaltou a import\u00e2ncia em colaborar com a sa\u00fade de todas as mulheres com o objetivo de salvar vidas e ressaltou em entrevista que com o Projeto aprovado na Casa de Leis, a Associa\u00e7\u00e3o disponibilizar\u00e1 atendimento a todas as mulheres, sem crit\u00e9rios estabelecidos, todos os dias da semana na sede do seu consult\u00f3rio.</p>\r\n<p>Em 1\u00aa discuss\u00e3o foi votado o Projeto de Lei Ordin\u00e1ria n\u00ba 1/2025 que disp\u00f5e sobre o manuseio, utiliza\u00e7\u00e3o, queima e soltura de fogos de estampidos e de artif\u00edcios assim como quaisquer artefatos pirot\u00e9cnicos de efeito sonoro ruidoso em eventos realizados pelo poder p\u00fablico e particulares no territ\u00f3rio e no Munic\u00edpio de Uni\u00e3o da Vit\u00f3ria. O Projeto \u00e9 de autoria principal do Vereador Waldir Luiz Cortellini e foi aprovado por unanimidade e aguarda a segunda discuss\u00e3o.</p>\r\n<p>Os requerimentos foram de autoria dos Vereadores: Ricardo Adriano Sass (PL) para a constru\u00e7\u00e3o da sede da Associa\u00e7\u00e3o dos Moradores do Bairro Ponte Nova; Waldir Luiz Cortellini (UNI\u00c3O) para a constru\u00e7\u00e3o de uma capela mortu\u00e1ria na Comunidade do Rio Vermelho; Jonimar Roberto Arndt (PL) solicitou a limpeza interna e externa no Cemit\u00e9rio do Rio Vermelho; Joarez Tica (DC) e Thays Bieberbach (PT) requerem a designa\u00e7\u00e3o de m\u00e9dicos peritos para o Munic\u00edpio de Uni\u00e3o da Vit\u00f3ria.. O vereador Anderson Cripa Luis Cardoso (PR) solicitou vaga exclusiva de carga e descarga na Rua Marechal Deodoro da Fonseca; Marcio Fernando Utzig (PSD) e Marco Ant\u00f4nio Caus (PL) elabora\u00e7\u00e3o de Projeto para a constru\u00e7\u00e3o de CMEI no bairro S\u00e3o Gabriel. A vereadora Evelin M. T. de Paula Dias (UNI\u00c3O) pediu para que seja retomado o atendimento de 150 crian\u00e7as com Transtorno do Espectro Autista (TEA); Cordovan Frederico de Melo Neto (PSB), Anderson Cripa Luis Cardoso (PR), Evelin M. T. de Paula Dias (UNI\u00c3O), Joarez Tica (DC), Jonimar Roberto Arndt (PL), Marcio Fernando Utzig (PSD), Marco Ant\u00f4nio Caus (PL) e Waldir Luiz Cortellini (UNI\u00c3O) inclus\u00e3o do munic\u00edpio de Uni\u00e3o da Vit\u00f3ria no calend\u00e1rio de atividades do Projeto Paran\u00e1 em A\u00e7\u00e3o. A vereadora Thays Bieberbach (PT) pediu esclarecimentos sobre a situa\u00e7\u00e3o dos Estagi\u00e1rios da Secretaria Municipal de Educa\u00e7\u00e3o e o vereador J\u00falio Adilson Pires Filho (PP), a revitaliza\u00e7\u00e3o da \u00c1rea de Lazer do Bairro Ouro Verde.</p>\r\n<p>A Casa aprovou a Mo\u00e7\u00e3o de Louvor ao Bispo Dom Walter Jorge Pinto pela passagem do seu anivers\u00e1rio no dia 12 de fevereiro. Os Vereadores Cordovan Frederico de Melo Neto (PSB), Anderson Cripa Luis Cardoso (PR), Evelin M. T. de Paula Dias (UNI\u00c3O), Joarez Tica (DC), Jonimar Roberto Arndt (PL), Marcio Fernando Utzig (PSD), Marco Ant\u00f4nio Caus (PL) e Waldir Luiz Cortellini (UNI\u00c3O) propuseram a mo\u00e7\u00e3o de aplausos a todos os reporteres de Uni\u00e3o da Vit\u00f3ria pela passagem de seu dia comemorado em 16 de fevereiro. Marcio Fernando Utzig (PSD), Anderson Cripa Luis Cardoso (PR), Cleonice Martinazzo Moller (PP), Cordovan Frederico de Melo Neto (PSB), Evelin M. T. de Paula Dias (UNI\u00c3O), Joarez Tica (DC), Jonimar Roberto Arndt (PL), J\u00falio Adilson Pires Filho (PP), Marco Ant\u00f4nio Caus (PL), Pastora Josi (DC), Ricardo Adriano Sass (PL), Thays Bieberbach (PT) e Waldir Luiz Cortellini (UNI\u00c3O), referiram uma Mo\u00e7\u00e3o de Aplausos para todos os Professores e trabalhadores da Educa\u00e7\u00e3o Municipal de Uni\u00e3o da Vit\u00f3ria que foram reconhecidos com o selo ouro.</p>\r\n<p>Os vereadores que utilizaram a palavra no pequeno expediente foram Ricardo Adriano Sass, Marcio Utzig, Thays Bieberbach, Pastora Josi, Cordovan Neto, Jonimar Roberto Arndt, Cleonice Moller e Anderson Cardoso. O assunto mais comentado foi relacionado ao reconhecimento do trabalho em prol das mulheres atrav\u00e9s do trabalho do Dr. Lu\u00eds Roberto que acompanhou a Sess\u00e3o at\u00e9 o final.</p>\r\n<p>Manoela de Paula e Souza<br /> Assessora de Comunica\u00e7\u00e3o e Cerimonial<br />C\u00e2mara de Vereadores de Uni\u00e3o da Vit\u00f3ria</p>", "author_name": "Interlegis", "version": "1.0", "author_url": "https://www.uniaodavitoria.pr.leg.br/author/Interlegis", "provider_name": " ", "type": "rich"}