{"provider_url": "https://www.uniaodavitoria.pr.leg.br", "title": "4\u00aa SESS\u00c3O ORDIN\u00c1RIA ", "html": "<p class=\"western\">Entre as indica\u00e7\u00f5es. o presidente da Casa, vereador Anderson Cripa Luis Cardoso (PR) solicitou melhorias no acesso ao Bairro Muzzolon pela BR-153, entre o km 453 e 454, em Uni\u00e3o da Vit\u00f3ria-PR; a vereadora Pastora Josi (DC) pediu averigua\u00e7\u00e3o quanto \u00e0 situa\u00e7\u00e3o do recolhimento de lixo org\u00e2nico no Conjunto Seletas, localizado no Bairro Rocio e limpeza dos terrenos localizados na Rua Serafim Schaeffer, no bairro Ponte Nova; a vereadora Evelin M. T. de Paula Dias (UNI\u00c3O pediu a instala\u00e7\u00e3o de ponto de \u00f4nibus com cobertura e assentos na Rua Dom Manoel Silveira Delboux no bairro S\u00e3o Braz e melhorias na Rua Dr. Jo\u00e3o Augusto Barbosa, no bairro S\u00e3o Braz. O vereador\u00a0 Marcio Fernando Utzig (PSD) e Anderson Cripa Luis Cardoso (PR) solicitou manuten\u00e7\u00e3o da Estrada com a devida manuten\u00e7\u00e3o e reparo no pontilh\u00e3o de madeira daquela localidade, a qual d\u00e1 acesso ao Bairro Bela Vista. Os vereadores Marcio Fernando Utzig (PSD) e Cordovan Frederico de Melo Neto (PSB)\u00a0 indicaram a necessidade de cria\u00e7\u00e3o de escolinhas de esportes no contraturno escolar; Cordovan Neto (PSB) solicitou pavimenta\u00e7\u00e3o asf\u00e1ltica em via do Bairro Bom Jesus; Thays Bieberbach (PT) esclarecimentos referente a Biblioteca e o Museu Hist\u00f3rico \u201cProfessor Aniz Domingos\u201d e provid\u00eancias urgentes referente a ilumina\u00e7\u00e3o p\u00fablica na Pra\u00e7a Jo\u00e3o de Lima. O vereador Anderson Cripa Luis Cardoso (PR) pediu a disponibiliza\u00e7\u00e3o de ca\u00e7ambas gratuitas para facilitar o descarte adequado de entulhos e res\u00edduos volumosos; os vereadores Marco Ant\u00f4nio Caus (PL) e Marcio Fernando Utzig (PSD), pavimenta\u00e7\u00e3o asf\u00e1ltica em via do Bairro S\u00e3o Gabriel; Ricardo Adriano Sass (PL) e Joarez Tica (DC) solicitaram o mesmo em via do Bairro S\u00e3o Joaquim. O vereador Waldir Luiz Cortellini (UNI\u00c3O) indicou a necessidade de reinstala\u00e7\u00e3o de ponto de \u00f4nibus no Bairro S\u00e3o Sebasti\u00e3o e manuten\u00e7\u00e3o da Rua Hor\u00e1cio Ribeir\u00a0no mesmo Bairro. Cordovan Neto (PSB) solicitou servi\u00e7o de fechamento de valeta na Rua Herberto Jo\u00e3o Carlson, localizada no Bairro Bento Munhoz da Rocha; Jonimar Roberto Arndt (PL) pediu para que se cumpra efetivamente a Lei Complementar n.\u00ba 41/2024 que determina a obrigatoriedade de manuten\u00e7\u00e3o e limpeza dos terrenos pelos propriet\u00e1rios, sob pena de execu\u00e7\u00e3o da limpeza pelo Munic\u00edpio, com o consequente lan\u00e7amento do custo dobrado ao propriet\u00e1rio negligente e para estudo t\u00e9cnico para a instala\u00e7\u00e3o de faixas de pedestres ao longo da Avenida Paula Freitas.</p>\r\n<p class=\"western\">A palavra na Tribuna Popular foi utilizada por Sidnei Sieslak que apresentou o Projeto Eco Cidade, criado em 2013 com o objetivo de expandir a coleta seletiva em Uni\u00e3o da Vit\u00f3ria. Sidnei atualmente \u00e9 volunt\u00e1rio e atua como orientador da Cooperativa respons\u00e1vel pela coleta, foi secret\u00e1rio do meio ambiente e atuou de forma muito ativa para a cria\u00e7\u00e3o e desenvolvimento do Projeto Eco Cidade, criado em 2013 com objetivo de expandir a coleta seletiva em Uni\u00e3o da Vit\u00f3ria. O Projeto, segundo a apresenta\u00e7\u00e3o de Sidnei, tornou-se refer\u00eancia de forma ampla e organizada e segundo ele, foi desenvolvido em etapas. O barrac\u00e3o hora constru\u00eddo e organizado para triagem do lixo, organiza\u00e7\u00e3o dos cooperados e catadores, teve por muito tempo estrutura de forma adequada e digna junto aos seus cooperados, com organiza\u00e7\u00e3o e dispondo de sustento a tantas fam\u00edlias que viviam e tiravam seu sustento deste meio de forma digna e segura. Segundo ainda relatou o volunt\u00e1rio, h\u00e1 aproximadamente 8 anos tudo mudou quando o local foi repassado pela Prefeitura \u00e0 outra empresa.</p>\r\n<p class=\"western\">O vice-presidente, vereador professor Cordovan Neto, utilizou a Tribuna Popular e fez um apanhado geral sobre o evento Festival de Ver\u00e3o, que mais uma vez foi um sucesso. Idealizado atrav\u00e9s de sua iniciativa quando secret\u00e1rio de Esportes e, posteriormente, atrav\u00e9s de sua autoria como lei, o Festival de Ver\u00e3o foi inserido no calend\u00e1rio de eventos de Uni\u00e3o da Vit\u00f3ria, contribuindo com a socializa\u00e7\u00e3o, esporte e sa\u00fade f\u00edsica e mental da popula\u00e7\u00e3o. O vereador Ricardo Adriano Sass tamb\u00e9m utilizou a palavra no Grande Expediente e falou a respeito da situa\u00e7\u00e3o da da Escola Professor Serapi\u00e3o com a finalidade de buscar a restaura\u00e7\u00e3o do pr\u00e9dio antigo que comportar\u00e1 o dobro de alunos, em local livre de enchente.</p>\r\n<p class=\"western\">Em regime de urg\u00eancia foram aprovados em unanimidade: o Projeto de Lei Ordin\u00e1ria 2/2025 que altera o n\u00famero de vagas do quadro de cargos do provimento efetivo do Anexo I do Munic\u00edpio e em 2\u00aa discuss\u00e3o o Projeto de Lei Ordin\u00e1ria 1/2025 que disp\u00f5e sobre a proibi\u00e7\u00e3o do manuseio, utiliza\u00e7\u00e3o e queima e soltura de fogos de estampidos e artif\u00edcios, assim como de qualquer artefatos pirot\u00e9cnicos de efeito sonoro ruidoso em eventos realizados pelo poder p\u00fablico e por particulares em Uni\u00e3o da Vit\u00f3ria.</p>\r\n<p class=\"western\">Os requerimentos foram em sua grande maioria para a \u00e1rea urbana: a Vereadora Pastora Josi (DC) solicitou estudo t\u00e9cnico para a instala\u00e7\u00e3o de sem\u00e1foro no cruzamento da Rua Marechal Teodoro da Fonseca no Bairro Rio da Areia; os Vereadores Ricardo Adriano Sass (PL) e Marcio Fernando Utzig (PSD), que sejam buscadas informa\u00e7\u00f5es e provid\u00eancias sobre a restaura\u00e7\u00e3o do pr\u00e9dio hist\u00f3rico da Escola Serapi\u00e3o, atualmente interditado desde dezembro de 2021. O vereador Marcio Utzig solicitou composi\u00e7\u00e3o de equipe para o departamento de obras do Munic\u00edpio; o vereador Marco Borracha\u00a0 Borracha solicitou uma nova ponte ligando os Bairros Bom Jesus e S\u00e3o Sebasti\u00e3o; o vereador Waldir Cortellini solicitou aplia\u00e7\u00e3o do CEMEI do Bairro S\u00e3o Sebasti\u00e3o e o vereador Anderson Cardoso solicitou um Centro Comunit\u00e1rio para o Bairro Limeira.</p>\r\n<p class=\"western\">A Mo\u00e7\u00e3o de louvor foi alusiva ao dia 24 de fevereiro, que celebra a conquista do voto feminino no Brasil.</p>\r\n<p class=\"western\">A Palavra Livre foi utilizada pelos vereadores: Thays Bieberbach, Marco Borracha que falou a respeito do IPTU, Protetora Guga que falou sobre as reformas necess\u00e1rias nos postos de sa\u00fade, Alem\u00e3o da Agropecu\u00e1ria, Ricardo Sass, Waldir Cortellini, Marcio Utzig, Cordovan Neto e Anderson Cardoso. Os vereadores falaram em grande maioria a respeito das proposi\u00e7\u00f5es discutidas durante a Sess\u00e3o.</p>\r\n<p class=\"western\">Em seguida aconteceu a 1.a Reuni\u00e3o Extraordin\u00e1ria para vota\u00e7\u00e3o \u00fanica do Projeto de Lei 2/2025 de autoria do Poder executivo que altera o n\u00famero de vagas do quadro de cargos de provimento efetivo do anexo I, da Lei Municipal n. 3058/2003, que disp\u00f5e sobre a reestrutura\u00e7\u00e3o da organiza\u00e7\u00e3o funcional de recursos humanos da Prefeitura Municipal de Uni\u00e3o da Vit\u00f3ria</p>\r\n<p align=\"JUSTIFY\" class=\"western\"><span> Manoela de Paula e Souza<br /></span>Assessora de Comunica\u00e7\u00e3o e Cerimonial<br />C\u00e2mara de Vereadores de Uni\u00e3o da Vit\u00f3ria</p>\r\n<p align=\"JUSTIFY\" class=\"western\">\u00a0</p>", "author_name": "Interlegis", "version": "1.0", "author_url": "https://www.uniaodavitoria.pr.leg.br/author/Interlegis", "provider_name": " ", "type": "rich"}