{"provider_url": "https://www.uniaodavitoria.pr.leg.br", "title": "2\u00aa SESS\u00c3O ORDIN\u00c1RIA", "html": "<p>A Sess\u00e3o Ordin\u00e1ria contou com a vereadora Evelin T. De Paula Dias ( Protetora Guga) - (UNI\u00c3O) para leitura do expediente, j\u00e1 que o primeiro secret\u00e1rio Marco Ant\u00f4nio Caus (PL) enviou of\u00edcio justificando a impossibilidade de comparecimento.</p>\r\n<p>Durante a Sess\u00e3o foram lidos e aprovados por unanimidade pelos vereadores 20 indica\u00e7\u00f5es e 10 requerimentos e em sua grande maioria na \u00e1rea de urbanismo, solicita\u00e7\u00e3o de melhorias de vias, sinaliza\u00e7\u00e3o e pavimenta\u00e7\u00e3o.</p>\r\n<p>As indica\u00e7\u00f5es partiram da iniciativa dos vereadores: Waldir Luiz Cortellini (UNI\u00c3O), Evelin M. T. de Paula Dias (UNI\u00c3O), Jonimar Roberto Arndt (PL), Waldir Luiz Cortellini (UNI\u00c3O), Cordovan Frederico de Melo Neto (PSB), Marco Ant\u00f4nio Caus (PL), Cleonice Martinazzo Moller (PP), Joarez Tica (DC), Josina de Souza Almeida (DC), Thays Bieberbach (PT), Marcio Fernando Utzig (PSD) e Anderson Cripa Luis Cardoso (PR). <br /><br />Al\u00e9m de indica\u00e7\u00f5es para a\u00e7\u00f5es de benfeitorias em vias foram tamb\u00e9m protocoladas para melhorias na Capela Mortu\u00e1ria do distrito de S\u00e3o Crist\u00f3v\u00e3o e limpeza interna e externa no cemit\u00e9rio do Distrito de S\u00e3o Crist\u00f3v\u00e3o; melhoria da via e limpeza aos arredores da IFPR, possibilidade de instituir um Programa de Recupera\u00e7\u00e3o Fiscal (REFIS) possibilitando a renegocia\u00e7\u00e3o junto \u00e0 Prefeitura, melhorias da ilumina\u00e7\u00e3o p\u00fablica nas proximidades do Col\u00e9gio S\u00e3o Crist\u00f3v\u00e3o, a solicita\u00e7\u00e3o de plantio de \u00e1rvores frut\u00edferas nativas e silvestres nos passeios p\u00fablicos e constru\u00e7\u00e3o do Centro Comunit\u00e1rio do Bairro Rocio.</p>\r\n<p>O Presidente da Casa utilizou a Tribuna Popular com objetivo de esclarecer sobre a apresenta\u00e7\u00e3o da Empresa IP Foco, que teve contrato firmado no exerc\u00edcio do ent\u00e3o Prefeito Santin Roveda e suspenso no exerc\u00edcio do ent\u00e3o Prefeito Bachir Abbas que, segundo a ent\u00e3o gest\u00e3o, foi suspenso em virtude de melhor custo/benef\u00edcio. O prefeito Ary Carneiro Junior disposto a dar continuidade na ilumina\u00e7\u00e3o da Cidade, segundo o l\u00edder do governo no legislativo Cordovan Neto, buscou o entendimento de toda situa\u00e7\u00e3o com empresa, profissionais, equipes pertinentes e representantes de \u00f3rg\u00e3os. O assunto foi debatido por vereadores na C\u00e2mara Municipal na 1\u00aa Sess\u00e3o Ordin\u00e1ria e a apresenta\u00e7\u00e3o aos vereadores foi agendada com a Empresa IP Foco, contratada na gest\u00e3o do ent\u00e3o Prefeito Santin, a fim de apresentar o Projeto de Ilumina\u00e7\u00e3o. A C\u00e2mara Municipal solicitou com anteced\u00eancia o envio pr\u00e9vio com dois dias de anteced\u00eancia da apresenta\u00e7\u00e3o, com objetivo dos vereadores avaliarem com tempo para melhor entendimento e aproveitamento da reuni\u00e3o, para levantar d\u00favidas e esclarecimentos, j\u00e1 que trata-se de um Projeto de mais de 100 milh\u00f5es de reais. A Empresa n\u00e3o enviou a apresenta\u00e7\u00e3o solicitada. A C\u00e2mara de Uni\u00e3o da Vit\u00f3ria aguarda o envio do material pela Empresa a fim de estudar o reagendamento da reuni\u00e3o.</p>\r\n<p>Os requerimentos partiram da iniciativa dos vereadores Waldir Luiz Cortellini (UNI\u00c3O), Cordovan Frederico de Melo Neto (PSB), Anderson Cripa Luis Cardoso (PR), Evelin M. T. de Paula Dias (UNI\u00c3O), Jonimar Roberto Arndt (PL), Marcio Fernando Utzig (PSD), Marco Ant\u00f4nio Caus (PL), Vereadora Evelin M. T. de Paula Dias (UNI\u00c3O), Cleonice Martinazzo Moller (PP), Thays Bieberbach (PT), Joarez Tica (DC), Marcio Fernando Utzig (PSD), Vereador J\u00falio Adilson Pires Filho (PP). Al\u00e9m dos querimentos de sinaliza\u00e7\u00e3o, pavimenta\u00e7\u00e3o e \u00e1rea de saneamento e esgoto, tamb\u00e9m foram aprovados requerimentos para retirada dos radares de Uni\u00e3o da Vit\u00f3ria, melhorias na Unidade de Sa\u00fade do S\u00e3o Crist\u00f3v\u00e3o, informa\u00e7\u00f5es sobre a previs\u00e3o de mudan\u00e7a da sede dos servi\u00e7os do CRAS (Centro de Refer\u00eancia de Assist\u00eancia Social) e do CREAS (Centro de Refer\u00eancia Especializado de Assist\u00eancia Social), an\u00e1lise da Lei Ordin\u00e1ria n\u00ba 4975/2021, que alterou a jornada de trabalho dos Supervisores das Escolas e Cmeis do Munic\u00edpio; cria\u00e7\u00e3o de programa interassocia\u00e7\u00f5es para os bairros, promovendo a inclus\u00e3o e o incentivo \u00e0 pr\u00e1tica esportiva em toda a cidade e banheiros nas unidades de sa\u00fade do bairro Salete.</p>\r\n<p>A mo\u00e7\u00e3o de aplausos acolhida por unanimidade foi destinada ao senhor Bas\u00edlio Bajuka, em raz\u00e3o de seu anivers\u00e1rio de 82 anos, em reconhecimento a sua dedica\u00e7\u00e3o \u00e0 Segunda Igreja do Evangelho Quadrangular no bairro Rio da Areia.</p>\r\n<p>A Palavra Livre foi utilizada pelos vereadores: Guga (Evelin de Paula Dias), que trouxe informa\u00e7\u00f5es a respeito do IML, onde segundo ela, haver\u00e3o melhorias para o IML de Uni\u00e3o da Vit\u00f3ria inlcuindo a contrata\u00e7\u00e3o de profissionais, Marcio Fernando Utzig, Pastora Josi que falou sobre a mo\u00e7\u00e3o de aplausos de sua autoria. O vice-presidente Cordovan Neto trouxe informa\u00e7\u00f5es completas de atividades que acontecem \u00e0 popula\u00e7\u00e3o pelo Munic\u00edpio. O vereador Sass comentou a respeito da reuni\u00e3o com a Empresa IP Foco referindo-se ao coment\u00e1rio feito pela Empresa em rela\u00e7\u00e3o aos vereadores como infeliz, j\u00e1 que segundo o vereador, a reuni\u00e3o n\u00e3o foi cancelada por iniciativa da C\u00e2mara, mas sim por n\u00e3o enviar um relato pr\u00e9vio para an\u00e1lise e em concord\u00e2ncia com o presidente ressaltou que a C\u00e2mara n\u00e3o ser\u00e1 palco do manifesto incab\u00edvel. O vereador Jonimar (Alem\u00e3o da Agro) fez uso da palavra comentando a import\u00e2ncia do plantio de \u00e1rvores frut\u00edferas no Munic\u00edpio.</p>\r\n<p>O Presidente, vereador Anderson Cardoso fez o fechamento da Sess\u00e3o agradecendo aos presentes, onde estiveram representantes e presidentes de Associa\u00e7\u00f5es de Bairros e comentou sobre suas proposi\u00e7\u00f5es, entre elas o Centro comunit\u00e1rio para o Bairro do Rocio.</p>\r\n<p>Manoela de Paula e Souza<br />Assessora de Comunica\u00e7\u00e3o e Cerimonial<br /> C\u00e2mara de Vereadores de Uni\u00e3o da Vit\u00f3ria</p>", "author_name": "Interlegis", "version": "1.0", "author_url": "https://www.uniaodavitoria.pr.leg.br/author/Interlegis", "provider_name": " ", "type": "rich"}