{"provider_url": "https://www.uniaodavitoria.pr.leg.br", "title": "1\u00aa SESS\u00c3O ORDIN\u00c1RIA", "html": "<p class=\"Standard\">\u00a0 \u00a0 \u00a0 \u00a0 A primeira Sess\u00e3o Ordin\u00e1ria contou com a presen\u00e7a do vice-prefeito de Uni\u00e3o da Vit\u00f3ria, Claudiomir de Oliveira Fran\u00e7a, que representou o Prefeito de Uni\u00e3o da Vit\u00f3ria, Dr. Ary Carneiro Junior e foi convidado a juntar-se \u00e0 mesa diretora. O vice-prefeito fez um breve discurso de abertura desejando boas-vindas na nova gest\u00e3o e participa\u00e7\u00e3o do legislativo para o sucesso da Cidade nos pr\u00f3ximos quatro anos.</p>\r\n<p class=\"Standard\"><span>\u00a0 \u00a0 \u00a0 \u00a0 A primeira Sess\u00e3o foi longa, terminando pr\u00f3ximo \u00e0s 22horas e contou com grande volume de proposi\u00e7\u00f5es, indica\u00e7\u00f5es e requerimentos, al\u00e9m dos projetos de lei que foram dados entrada no expediente. Ao todo foram 23 proposi\u00e7\u00f5es entre indica\u00e7\u00f5es e requerimentos, envolvendo em sua grande maioria a \u00e1rea de urbanismo; propondo melhorias na \u00e1reas de ilumina\u00e7\u00e3o p\u00fablica, sinaliza\u00e7\u00e3o, tr\u00e2nsito, seguran\u00e7a, lazer, meio ambiente, estrutura, pavimenta\u00e7\u00e3o, educa\u00e7\u00e3o e sa\u00fade.</span></p>\r\n<p class=\"Standard\">\u00a0\u00a0\u00a0\u00a0\u00a0\u00a0\u00a0\u00a0 Os vereadores que fizeram uso da palavra no Grande Expediente, a Tribuna Popular da C\u00e2mara Municipal, foram o Presidente, Vereador Anderson Cardoso e Vice-Presidente do legislativo Cordovan Melo Neto. O discurso do Presidente, vereador Anderson Cardoso, teve tom de boas-vindas aos EDIS para a nova legislatura e bi\u00eanio que inicia na presid\u00eancia, almejando di\u00e1logo e crescimento para o futuro de Uni\u00e3o da Vit\u00f3ria. O vice-presidente, vereador Cordovan Neto, pontuou diversos aspectos da gest\u00e3o municipal e do trabalho que vem sendo desenvolvido e planejado administra\u00e7\u00e3o p\u00fablica que inicia, sua intera\u00e7\u00e3o de vereador\u00a0 que, segundo ele vai de encontro \u00e0 concilia\u00e7\u00e3o para o desenvolvimento de Uni\u00e3o da Vit\u00f3ria, assim como projetos que o vereador participou desde o in\u00edcio do ano.</p>\r\n<p class=\"Standard\">\u00a0\u00a0\u00a0\u00a0\u00a0\u00a0\u00a0\u00a0 As indica\u00e7\u00f5es e requerimentos partiram da iniciativa dos vereadores: Waldir Luiz Cortellini (UNI\u00c3O), Jonimar Roberto Arndt (PL), Marco Ant\u00f4nio Caus (PL), Anderson Cripa Luis Cardoso (PR), Ricardo Adriano Sass (PL), Cordovan Frederico de Melo Neto (PSB), Thays Bieberbach (PT) J\u00falio Adilson Pires Filho (PP), Marcio Fernando Utzig (PSB), Joarez Tica (DC), Josina de Souza Almeida (DC), Cleonice Moller (PP).</p>\r\n<p class=\"Standard\">\u00a0\u00a0\u00a0\u00a0\u00a0\u00a0\u00a0\u00a0 As pautas mais abordadas pelos vereadores durante a Sess\u00e3o foram:</p>\r\n<p class=\"Standard\">\u2013 Cemit\u00e9rio do Distrito de S\u00e3o Crist\u00f3v\u00e3o: o vereador Anderson Cardoso, presidente da Casa Legislativa, apresentou requerimento destinado ao Executivo para elabora\u00e7\u00e3o de projeto que viabilize solu\u00e7\u00e3o para o Cemit\u00e9rio do Distrito de S\u00e3o Crist\u00f3v\u00e3o, que atualmente n\u00e3o disp\u00f5e de espa\u00e7o f\u00edsico para novas sepulturas. A falta de espa\u00e7o j\u00e1 foi motivo de solicita\u00e7\u00f5es em legislaturas anteriores e alguns vereadores comentaram apoiando a socilita\u00e7\u00e3o que foi aprovada por unanimidade.</p>\r\n<p class=\"Standard\">\u2013 A Farm\u00e1cia Municipal Central e no Distrito de S\u00e3o Crist\u00f3v\u00e3o foi assunto comentado pelos vereadores. A vereadora Thays Bieberbach alegou alguns aspectos que percebe faltantes no local. O vereador Cordovan Neto lembrou a import\u00e2ncia das sugest\u00f5es e participa\u00e7\u00e3o dos vereadores e salientou a necessidade de alguns itens indispens\u00e1veis para o funcionamento da Farm\u00e1cia no Distrito de S\u00e3o Crist\u00f3v\u00e3o, o farmac\u00eautico respons\u00e1vel, rampa de acesso e o mais importante, o medicamento armazenado de forma segura, a fim de manter a seguran\u00e7a ao oferecer um medicamento ao paciente, segundo ele. O vereador Cordovan Neto comentou sobre o risco em n\u00e3o oferecer um medicamento a um paciente, podendo colocar em risco a vida do mesmo e a multa que o Prefeito Municipal pode receber ao n\u00e3o cumprir tais obriga\u00e7\u00f5es.\u00a0</p>\r\n<p class=\"Standard\">\u2013 A Ilumina\u00e7\u00e3o p\u00fablica tamb\u00e9m foi assunto bastante abordado pelos vereadores, o primeiro secret\u00e1rio Vereador Marco Ant\u00f4nio Caus explanou de forma clara a respeito do assunto e o vice-presidente, vereador Cordovan Neto complementou a respeito da reuni\u00e3o no Executivo, onde segundo ele n\u00e3o foi assinado contrato e ainda, antes de tal situa\u00e7\u00e3o, a mesma ser\u00e1 tramitada na Casa de Leis.</p>\r\n<p class=\"Standard\">\u2013 O vereador J\u00falio Adilson Pires Filho (PP) apresentou requerimento para esclarecimentos do IML, que necessita de servi\u00e7os indispens\u00e1veis de forma cont\u00ednua, como a perman\u00eancia de m\u00e9dico legista. Em comum acordo os EDIS decidiram enviar requerimento ao Governo do Estado e a solicita\u00e7\u00e3o de interven\u00e7\u00e3o do l\u00edder do governo para solucionar os problemas do Instituto M\u00e9dico Legal, pois segundo os vereadores que comentaram a proposi\u00e7\u00e3o, \u00e9 do Estado tal responsabilidade.</p>\r\n<p class=\"Standard\">\u00a0\u00a0\u00a0\u00a0\u00a0\u00a0\u00a0\u00a0 Os vereadores que pronunciaram-se na Palavra Livre foram: Anderson Cardoso (PR), Marco Ant\u00f4nio Caus (PL), Cordovan Neto (PSB), Josina de Souza Almeida (DC), Ricardo Adriano Sass (PL), Waldir Luiz Cortellini (UNI\u00c3O) e Marcio Utzig (PSD) e em sua grande maioria com tom de boas expectativas \u00e0 nova legislatura.</p>\r\n<p class=\"Standard\">\u00a0 \u00a0 \u00a0 \u00a0 \u00a0</p>\r\n<p class=\"Standard\">\u00a0\u00a0\u00a0\u00a0\u00a0\u00a0\u00a0\u00a0 Manoela de Paula e Souza</p>\r\n<p class=\"Standard\">\u00a0\u00a0\u00a0\u00a0\u00a0\u00a0\u00a0\u00a0 Assessora de Comunica\u00e7\u00e3o e Cerimonial</p>\r\n<p class=\"Standard\">\u00a0\u00a0\u00a0\u00a0\u00a0\u00a0\u00a0\u00a0 C\u00e2mara Municipal de Uni\u00e3o da Vit\u00f3ria</p>", "author_name": "Interlegis", "version": "1.0", "author_url": "https://www.uniaodavitoria.pr.leg.br/author/Interlegis", "provider_name": " ", "type": "rich"}