{"provider_url": "https://www.uniaodavitoria.pr.leg.br", "title": "9\u00aa SESS\u00c3O ORDIN\u00c1RIA ", "html": "<p>A Sess\u00e3o Ordin\u00e1ria contou com quinze indica\u00e7\u00f5es dos vereadores: melhorias na ilumina\u00e7\u00e3o, manuten\u00e7\u00e3o de vias e sinaliza\u00e7\u00e3o, aumento de rondas policiais, limpeza de terreno p\u00fablico e cal\u00e7adas, servi\u00e7o de patrolamento e pavimenta\u00e7\u00e3o asf\u00e1ltica, reparos na rede de esgoto do CMEI Zuleika Barbosa pela vereadora Thays Bieberbach (PT), pelo vereador Cordovan Neto (PSB) reforma ou constru\u00e7\u00e3o de um novo portal de entrada da cidade de Uni\u00e3o da Vit\u00f3ria e reforma do Terminal Rodovi\u00e1rio Deputado An\u00edbal Khury e pelo vereador Marcio Utzig (PSD) melhoria no aux\u00edlio alimenta\u00e7\u00e3o dos servidores p\u00fablicos municipais.</p>\r\n<p>A Tribuna Popular foi utilizada pelos vereadores Waldir Luiz Cortellini (UNI\u00c3O), Ricardo Adriano Sass (PL) e Anderson Cardoso (PR). O vereador Sr. Cortellini falou a respeito da luta de mais de uma d\u00e9cada para levar \u00e1gua encanada e saneamento b\u00e1sico para a localidade do Vila Rica e Parque Nossa Senhora das Vit\u00f3rias, que segundo ele em breve a obra ser\u00e1 retomada pela prefeitura para conclus\u00e3o, o que beneficiar\u00e1 mais de 100 fam\u00edlias daquela regi\u00e3o, conforme contou. O vereador Sass discorreu a respeito do PL de sua autoria junto ao vereador Borracha (Marco Caus PL) 12/2025. O Projeto que em sua reda\u00e7\u00e3o altera a Lei 4553/2015, teve a explica\u00e7\u00e3o do vereador Sass que salientou na tribuna as principais altera\u00e7\u00f5es, onde aumenta para duas cortesias de 10 minutos durante o dia e para vagas especiais 15 minutos, al\u00e9m de outras como a proposta para que seja cobrado, na inexist\u00eancia do cr\u00e9dito, 5 vezes a menor fra\u00e7\u00e3o e n\u00e3o 10 como vem sendo feito. Tamb\u00e9m o PL solicita maior percentual da arrecada\u00e7\u00e3o ao munic\u00edpio para que seja revertido em benfeitorias para sinaliza\u00e7\u00e3o e necessidades para o bom funcionamento do tr\u00e2nsito. O presidente vereador Anderson Cardoso fez uma fala especial a respeito da Lei 5195/2024 sancionada em 17 de dezembro de 2024. A Lei institui a obrigatoriedade de apresenta\u00e7\u00e3o de exame toxicol\u00f3gico para o exerc\u00edcio de cargos no Executivo e Legislativo Municipal em Uni\u00e3o da Vit\u00f3ria. O presidente vereador Anderson Cardoso mostrou seu exame toxicol\u00f3gico na tribuna, falou da import\u00e2ncia da Casa de Leis ser a primeira a cumprir a Lei, j\u00e1 que as mesmas l\u00e1 s\u00e3o elaboradas e solicitou ao Executivo Municipal para que siga a Lei sancionada, j\u00e1 que a integridade da sa\u00fade mental \u00e9 extremamente necess\u00e1ria para a execu\u00e7\u00e3o dos servi\u00e7os municipais.</p>\r\n<p>Em vota\u00e7\u00e3o \u00fanica foi aprovado em unanimidade o Projeto de Lei 12/2025 que altera a Lei 4553/2015 a qual disp\u00f5e e regulamenta o estacionamento rotativo de ve\u00edculos de Uni\u00e3o da Vit\u00f3ria.</p>\r\n<p>Requerimentos propostos pelos vereadores e acolhidos foram por melhorias urbanas e sinaliza\u00e7\u00e3o. Um dos assuntos bastante comentados foi a respeito da BR 476. O vereador Jonimar Roberto Arndt, Alem\u00e3o (PL) solicitou aos deputados que representam o Estado do Paran\u00e1, que seja encaminhado of\u00edcio na forma regimental, manifestando a indigna\u00e7\u00e3o da Casa Legislativa diante da neglig\u00eancia com as obras da BR-476, solicitando urg\u00eancia na libera\u00e7\u00e3o de recursos e no andamento das interven\u00e7\u00f5es necess\u00e1rias para garantir seguran\u00e7a aos usu\u00e1rios, e de maneira urgent\u00edssima e paliativa nos pontos mais cr\u00edticos, EDIS comentaram o caso. A vereadora Evelin M. T. de Paula Dias (UNI\u00c3O) solicitou instala\u00e7\u00e3o de parquinho ao lado da Escola Maridalva Palamar. O presidente do legislativo municipal, vereador Anderson solicitou a implanta\u00e7\u00e3o do projeto \"Jardim de \u00c1gua e Mel\" que possibilita educa\u00e7\u00e3o socioambiental e a valoriza\u00e7\u00e3o da biodiversidade por meio da instala\u00e7\u00e3o de colmeias de abelhas nativas sem ferr\u00e3o, \u00e1reas com flores, plantas, bancos e estruturas educativas. O vereador Marcio Fernando Utzig (PSD) solicitou Programa de Ouvidoria junto a Secretaria e o vice-presidente vereador Cordovan Neto (PSB), solicitou aos deputados Presidente da Assembleia Legislativa do Estado do Paran\u00e1 e l\u00edder do governo para viabiliza\u00e7\u00e3o de recursos e articula\u00e7\u00e3o de a\u00e7\u00f5es com a COPEL e secretaria municipal competente para revitaliza\u00e7\u00e3o do Parque Ambiental.</p>\r\n<p>O presidente da Casa Vereador Anderson Cardoso prop\u00f4s a Mo\u00e7\u00e3o de Aplausos destinada \u00e0 AFATI - Associa\u00e7\u00e3o da Faculdade da Terceira Idade, criada em 1992 e com utilidade p\u00fablica. A Associa\u00e7\u00e3o desenvolve relevante servi\u00e7o prestado \u00e0 popula\u00e7\u00e3o idosa em Uni\u00e3o da Vit\u00f3ria, acolhendo participantes homens e mulheres da melhor idade. Com objetivo da promo\u00e7\u00e3o da inclus\u00e3o social da pessoa idosa por meio de atividades educativas, culturais, f\u00edsicas e recreativas, valorizando sua dignidade e proporcionando oportunidades de conv\u00edvio. Os encontros s\u00e3o realizados semanalmente \u00e0s quintas-feiras no SESC SENAC de Uni\u00e3o da Vit\u00f3ria \u00e0s 14horas onde momentos de alegria e conhecimento s\u00e3o compartilhados, al\u00e9m da organiza\u00e7\u00e3o de mais atividades como passeios e viagens.</p>\r\n<p>O vice-presidente, vereador Cordovan Frederico de Melo Neto (PSB) prop\u00f4s a mo\u00e7\u00e3o de aplausos aos policiais Thiago Willian Eduardo da Silva e Mark Eriksson Meminai Reolon pelo sucesso da localiza\u00e7\u00e3o de uma senhora de 88 anos que estava desaparecida. A Mo\u00e7\u00e3o de pesar foi pelo falecimento do Sr. M\u00e1rio S\u00e9rgio Sebben.</p>\r\n<p>Os vereadores que fizeram uso da palavra livre foram Borracha que homenageou sua antiga professora Ana Maria Binder que estava presente e faz parte da AFATI. O vereador lembrou do Projeto de Lei que elaborou junto ao ent\u00e3o vereador Cordovan Melo J\u00fanior onde indicaram a professora como cidad\u00e3 honor\u00e1ria. Tamb\u00e9m fizeram uso da palavra os vereadores Alem\u00e3o, Cordovan, Thays, Guga, Marcio, Pires Filho, Ricardo Sass, Pastora Josi e Anderson. Cr\u00edticas \u00e0 sa\u00fade municipal foram feitas por alguns vereadores ao Executivo e muitos tamb\u00e9m comentaram sobre o exame toxicol\u00f3gico. Cordovan Neto disse ter sido um dos primeiros a apresentar o teste no seu ingresso como vereador da atual legislatura.</p>\r\n<p>Manoela de Paula e Souza<br />Assessora de Comunica\u00e7\u00e3o e Cerimonial <br />C\u00e2mara de Vereadores de Uni\u00e3o da Vit\u00f3ria</p>", "author_name": "", "version": "1.0", "author_url": "https://www.uniaodavitoria.pr.leg.br/author/manoela", "provider_name": " ", "type": "rich"}