{"provider_url": "https://www.uniaodavitoria.pr.leg.br", "title": "7\u00aa SESS\u00c3O ORDIN\u00c1RIA ", "html": "<p align=\"LEFT\" class=\"western\"><span>Al\u00e9m de diversas indica\u00e7\u00f5es relativas \u00e0 pavimenta\u00e7\u00e3o asf\u00e1ltica, sinaliza\u00e7\u00e3o e manuten\u00e7\u00e3o urbana dos vereadores, o vice-presidente da Casa Legislativa, vereador Cordovan Frederico de Melo Neto (PSB), solicitou a instala\u00e7\u00e3o de ponto de \u00f4nibus em frente ao CMEI Isadir Teresinha Barcelos Amaral, no Bairro Bom Jesus; o vereador Marcio Utzig (PSD) indicou para que seja inclu\u00eddo no rol de doen\u00e7as previstas na concess\u00e3o de insen\u00e7\u00e3o de IPTU, as fam\u00edlias com pessoas diagnosticadas com Transtorno Espectro Autista TEA, em grau severo e a vereadora Thays bieberbach (PT) pediu a reinstala\u00e7\u00e3o de \u00f4nibus em localidade no Distrito de S\u00e3o Crist\u00f3v\u00e3o.</span></p>\r\n<p align=\"LEFT\" class=\"western\">\u00a0A Tribuna Popular foi utilizada pelo Sr. Elio Miguel Weber, idealizador e diretor de opera\u00e7\u00f5es do Trem das Etnias que abordou o tema, contando a hist\u00f3ria da Locomotiva 310, de 1913, locomotiva americana, a \"nossa\" Maria Fuma\u00e7a. Sr \u00c9lio contou toda a hist\u00f3ria da reforma do trem que aconteceu ao longo de oito anos, o que segundo ele, s\u00f3 foi poss\u00edvel devido a contribui\u00e7\u00e3o de empres\u00e1rios da regi\u00e3o. Sr. \u00c9lio citou o Sr Xavier Paes idealizador e sonhador, a quem foi entregue o primeiro Projeto, exemplificando tantos sonhadores em v\u00ea-la novamente nos trilhos e que infelizmente n\u00e3o est\u00e3o mais vivos. O entusiasta da locomotiva citou o processo ao longo dos anos, as surpresas que tiveram no caminho, a necessidade em providenciar local adequado para armazenamento, a compra de diversos equipamentos, entre elas a retroescavadeira que anda sobre trilhos para limpeza e trabalho na ferrovia, a equipe toda que precisou se deslocar para fazer treinamento na localidade de Rio Negro, a necessidade de compra de in\u00fameros equipamentos necess\u00e1rios, al\u00e9m da dificuldade para a localiza\u00e7\u00e3o de tais equipamentos, j\u00e1 que o transporte em linha f\u00e9rrea j\u00e1 est\u00e1 em desusso h\u00e1 algumas d\u00e9cadas. O diretor de opera\u00e7\u00f5es ressaltou ainda que vem sendo feito um trabalho com os Col\u00e9gios, onde os professores levam seus alunos que recebem uma verdadeira auka conhecendo a hist\u00f3ria da ferrovia e da Guerra do Contestado, entendendo tudo que aconteceu quando foi feita a divis\u00e3o dos estados. \u00c9lio ressaltou a dificuldade enfrentada nestes 8 anos, sendo este investimento o mais dif\u00edcil de sua vida, o que necessitou de um custo corrigido atual pr\u00f3ximo a 8,5 milh\u00f5es e que, se n\u00e3o fosse o investimento de empres\u00e1rios que acreditaram no sonho, n\u00e3o teria diso poss\u00edvel. Segundo sr. \u00c9lio, hoje al\u00e9m da equipe de manuten\u00e7\u00e3o s\u00e3o necess\u00e1rios maquinista auxiliar, duas ferromo\u00e7as , duas pessoas para controle de tr\u00e1fego, auxiliares externos e ressaltou os custos para tudo al\u00e9m da equipe permanente. Sr. \u00c9lio Weber finalizou: \"Turismo \u00e9 um neg\u00f3cio, precisa oferecer um trabalho, o projeto para que a popula\u00e7\u00e3o usufrua, mas o principal que o dinheiro venha de fora para c\u00e1.N\u00f3s somos os \u00fanicos que podemos mudar a cidade, nossa realidade somos n\u00f3s!\"</p>\r\n<p align=\"LEFT\" class=\"western\"><span> Segundo Sr. \u00c9lio Weber \u00e9 o valor mais barato dos trens circulando no Brasil. </span></p>\r\n<p align=\"LEFT\" class=\"western\"><span> Os valores por pessoa, para o passeio na Locomotiva 310, a Maria Fuma\u00e7a, o Trem das Etnias s\u00e3o:</span></p>\r\n<p align=\"LEFT\" class=\"western\"><span> Para turistas, que v\u00eam atrav\u00e9s das ag\u00eancias R$ 120,00;</span></p>\r\n<p align=\"LEFT\" class=\"western\"><span> Para a popula\u00e7\u00e3o local R$ 90,00, <br /> Idosos R$ 70,00;</span></p>\r\n<p align=\"LEFT\" class=\"western\"><span> Escolas R$ 50,00 (o que significa o custo m\u00ednimo).</span></p>\r\n<p align=\"LEFT\" class=\"western\"><span><br /></span></p>\r\n<p align=\"LEFT\" class=\"western\">Os Projetos de Lei aprovados por unanimidade foram:</p>\r\n<p align=\"LEFT\" class=\"western\">- Em 2\u00aa discuss\u00e3o:</p>\r\n<ul>\r\n<ul>\r\n<li>\r\n<p align=\"LEFT\" class=\"western\"><span>5/2022 que concede o t\u00edtulo de utilidade p\u00fablica municipal \u00e0 Associa\u00e7\u00e3o de Preven\u00e7\u00e3o de C\u00e2ncer de Colo Uterino \u2013 APCCU.</span></p>\r\n</li>\r\n<li>\r\n<p align=\"LEFT\" class=\"western\"><span>7/2025 \u2013 que disp\u00f5e sobre destina\u00e7\u00e3o de vagas de emprego para mulheres v\u00edtimas de viol\u00eancia dom\u00e9stica e familiar em Uni\u00e3o da Vit\u00f3ria;</span></p>\r\n</li>\r\n<li>\r\n<p align=\"LEFT\" class=\"western\"><span>8/2025 \u2013 que disp\u00f5e sobre o reconhecimento de utilidade p\u00fablica municipal ao Museu Internacional dos Desbravadores.</span></p>\r\n</li>\r\n<li>\r\n<p align=\"LEFT\" class=\"western\">Em 1\u00aa discuss\u00e3o:</p>\r\n</li>\r\n<li>\r\n<p align=\"LEFT\" class=\"western\"><span>3/2025 que disp\u00f5e sobre a cria\u00e7\u00e3o do Conselho Municipal do Esporte de Uni\u00e3o da Vit\u00f3ria.</span></p>\r\n</li>\r\n</ul>\r\n</ul>\r\n<p align=\"LEFT\" class=\"western\">\u00a0Os vereadores assinaram juntos requerimento para cria\u00e7\u00e3o do Conselho Municipal de Educa\u00e7\u00e3o, o que possibilita a gest\u00e3o educacional de forma mais democr\u00e1tica com representantes participantes da sociedade civil, a vereadora Evelin Tesseroli (UNI\u00c3O) solicitou informa\u00e7\u00f5es sobre a situa\u00e7\u00e3o do castram\u00f3vel no Munic\u00edpio; os vereadores em conjunto, com exce\u00e7\u00e3o da vereadora Thays (PT) solicitaram aos departamentos pertinentes a constiuti\u00e7\u00e3o de comiss\u00e3o especial para que realizem o devido aocmpanhamento da empresa que presta servi\u00e7o terceirizados na UPA envolvendo fiscaliza\u00e7\u00e3o de contrato, inspe\u00e7\u00e3o e acompanhamento do servi\u00e7o prestado; Thays Bieberbach (PT) pediu o envio da devida documenta\u00e7\u00e3o e fotos para comprova\u00e7\u00e3o de que os \u00f4nibus que fazem transportte de pacientes est\u00e3o em condi\u00e7\u00f5es adequadas para o servi\u00e7o; Cortellini solicitou emenda para a constru\u00e7\u00e3o de refeit\u00f3rio na Escola Municipal Miguelina Treuke e o vereador Pires Filho solicitou a mplia\u00e7\u00e3o da Escola Dille Testi Capriglioni.</p>\r\n<p align=\"LEFT\" class=\"western\"><span> Foram destinadas mo\u00e7\u00f5es de aplausos ao Corpo de Bombeiros do Estado do Paran\u00e1, 3.o Sargento Andr\u00e9 Luis Nicolaiv de Andrade (Sargento Andrade) e Soldado Jos\u00e9 Luciano de Freitas Filho (Soldado Freitas), em reconhecimento ao ato heroico de dedica\u00e7\u00e3o demonstrados em recente opera\u00e7\u00e3o de salvamento; \u00e0 de Taekwondo de Uni\u00e3o da Vit\u00f3ria que recebeu em Curitiba no Campeonato Ta\u00e7a Rio Branco do Sul de Taekwondo 7 medalhass de ouro, 2 medalhas de prata e 2 medalhas de bronze. Mo\u00e7\u00e3o de aplausos tamb\u00e9m destinado ao Batalh\u00e3o de Patrulha Escolar Comunit\u00e1ria, pelo excelente servi\u00e7o prestado \u00e0 comunidade, pelos 17 anos de atua\u00e7\u00e3o desde sua cria\u00e7\u00e3o em 2008, o reconhecimento aos profissionais atuantes no Munic\u00edpio: 2.o Sargento Adriano Frankoski, 3.o Sargento Herlon Cesar Siqueira, Cabo Edilmara Elisangela S. Massaneiro, Cabo Lucas Martins, Soldado Cesar Ricardob Sztachera, Soldado Let\u00edcia Romanoski, Soldado Liciane Coutinho de Paula, Soldado Denise Cenci e Soldado Willian Ricardo Ferreira. A mo\u00e7\u00e3o de pesar foi pelo falecimento do Sr. Miguel Tereska. </span></p>\r\n<p align=\"LEFT\" class=\"western\"><span> Os vereadores que utilizaram a palavra livre foram Sass, Alem\u00e3o, Thays, Cleonice, Borracha, Corodvan Neto, Guga, M\u00e1rcio e Anderson e o assunto mais comentado neste momento foram cobran\u00e7as dos vereadores \u00e0 prefeitura na \u00e1rea da sa\u00fade. </span></p>\r\n<p align=\"LEFT\" class=\"western\">Manoela de Paula e Souza<br />Assessora de Comunica\u00e7\u00e3o e Cerimonial<br />C\u00e2mara de Vereadores de Uni\u00e3o da Vit\u00f3ria</p>", "author_name": "", "version": "1.0", "author_url": "https://www.uniaodavitoria.pr.leg.br/author/manoela", "provider_name": " ", "type": "rich"}