{"provider_url": "https://www.uniaodavitoria.pr.leg.br", "title": "39\u00aa SESS\u00c3O ORDIN\u00c1RIA", "html": "<p>Os vereadores que indicaram pavimenta\u00e7\u00e3o asf\u00e1ltica foram: Pastora Josi (DC) para a Rua Mimi Amazonas no bairro Sagrada Fam\u00edlia, Waldir Cortellini (UNI\u00c3O) para Avenida Pedro Kravicz no bairro Vila Rica; Ricardo Adriano Sass (PL) para as Ruas Maria Niva de Souza e Valdomiro Sydol no bairro Cristo Rei; Waldir Cortellini (UNI\u00c3O) para a Rua Vereador Miguel Chastalo no Rocio; Marcio Utzig (PSD) para Rua Eduardo Minikoski no Bairro S\u00e3o Gabriel, Cleonice Moller (PP) e Thays Bieberbach (PT) para as Ruas Hugo Strozzi e Ladislau Maibuk, no S\u00e3o Bernardo. O vereador Alem\u00e3o da Agropecu\u00e1ria (PL) solicitou a conclus\u00e3o da pavimenta\u00e7\u00e3o asf\u00e1ltica na Rua das Araras no Loteamento Muzzolon; os vereadors Pires Filho (PP) indicou a necessidade de instala\u00e7\u00e3o postes para ilumina\u00e7\u00e3o p\u00fablica na Rua Mois\u00e9s Malheiros de Ara\u00fajo no Bairro S\u00e3o Bas\u00edlio Magno e Tica (DC) solicitou manuten\u00e7\u00e3o da Rua Jo\u00e3o Leonardi no Bom Jesus.</p>\r\n<p>A Tribuna Popular foi utilizada pelo Sr. Vanderlei Stiegler, presidente da ACIPU, para divulgar a 17\u00aa Festa do Xixo, que ocorrer\u00e1 de 11 a 14 de dezembro. Entre as novidades est\u00e1 a mudan\u00e7a de local, que passa a ser no estacionamento da Rodovi\u00e1ria de Uni\u00e3o da Vit\u00f3ria. Vanderlei lembrou que a festa foi criada em 2007 com o objetivo de movimentar a economia local, atraindo turistas para as G\u00eameas do Igua\u00e7u. O evento recebe visitantes de diversas regi\u00f5es do pa\u00eds, lotando hot\u00e9is e impulsionando o com\u00e9rcio. Segundo ele, cerca de mil pessoas trabalham diretamente durante os quatro dias de programa\u00e7\u00e3o. O presidente da ACIPU destacou ainda o tradicional desfile, que re\u00fane aproximadamente 1.500 participantes. Ele acontecer\u00e1 na sexta-feira, \u00e0s 18h30, com sa\u00edda da Pra\u00e7a Herc\u00edlio Luz at\u00e9 o local da festa, e novamente no s\u00e1bado, \u00e0s 11h. A 17\u00aa Festa do Xixo contar\u00e1 com dois palcos: um com banda germ\u00e2nica e outro com atra\u00e7\u00f5es alternativas.</p>\r\n<p>O vereador e presidente do Legislativo, Anderson Cardoso, fez uso da Tribuna durante a sess\u00e3o da C\u00e2mara de Vereadores para celebrar um dos maiores investimentos em infraestrutura urbana da hist\u00f3ria de Uni\u00e3o da Vit\u00f3ria: o programa Asfalto Novo, Vida Nova, que destina mais de R$ 70 milh\u00f5es para pavimenta\u00e7\u00e3o em diversos bairros. Ele destacou que essa conquista \u00e9 resultado direto das solicita\u00e7\u00f5es constantes e do esfor\u00e7o permanente dos vereadores, que h\u00e1 anos lutam e cobram melhorias. Anderson agradeceu aos deputados, especialmente ao l\u00edder do governo, e ao governador do Paran\u00e1 pelo cuidado e pela aten\u00e7\u00e3o \u00e0s cidades do interior. Ressaltou que o pacote de asfaltamento representa mais que obras \u2014 significa qualidade de vida, seguran\u00e7a, sa\u00fade, mobilidade, valoriza\u00e7\u00e3o dos im\u00f3veis, desenvolvimento econ\u00f4mico e dignidade para quem convivia com poeira e buracos. Finalizou refor\u00e7ando que ver essas demandas sendo atendidas confirma o compromisso, a persist\u00eancia e o trabalho dos vereadores para o futuro de Uni\u00e3o da Vit\u00f3ria.</p>\r\n<p>Foram aprovados por unanimidade: em prineiro turno o Projeto de Lei n\u00ba 58/2025 que institui o Plano Municipal pela Primeira Inf\u00e2ncia para 10 anos compreendidos entre (2025 \u2013 2035) e os requerimentos, de autoria dos vereadores:Waldir Cortellini (UNI\u00c3O) para nstala\u00e7\u00e3o de playground no Loteamento Vila Rica; Guga (UNI\u00c3O) manuten\u00e7\u00e3o nas proximidades do Detran no Bairro Ouro Verde; Marcio Utzig (PSD) viabiliza\u00e7\u00e3o de desconto da al\u00edquota previdenci\u00e1ria sobre a dobra de jornada dos Professores Municipais (substitui\u00e7\u00e3o).</p>\r\n<p>Protetora Guga, Anderson Cardoso, Joarez Tica, Marcio Utzig e Pastora Josi propuseram a mo\u00e7\u00e3o de Aplausos aos senhores Cleonice de F\u00e1tima Pachesnik e Idelcio Baiak, pelo ato heroico de salvamento de duas crian\u00e7as em situa\u00e7\u00e3o de afogamento.</p>\r\n<p>Os vereadores Anderson e M\u00e1rcio fizeram uso da Palavra Livre. M\u00e1rcio ressaltou o processo de fus\u00e3o entre a UNIUV e a UNESPAR. Segundo ele, dentro de aproximadamente duas semanas o Projeto de Lei ser\u00e1 votado no Estado e, na sequ\u00eancia, ser\u00e1 encaminhado \u00e0 C\u00e2mara para avalia\u00e7\u00e3o. Ele destacou que a expectativa \u00e9 de que j\u00e1 haja vestibular para o pr\u00f3ximo ano.</p>\r\n<p>\u2e3b</p>\r\n<p>Manoela de Paula e Souza<br />Assessora de Comunica\u00e7\u00e3o e Cerimonial<br /> C\u00e2mara de Vereadores de Uni\u00e3o da Vit\u00f3ria</p>", "author_name": "", "version": "1.0", "author_url": "https://www.uniaodavitoria.pr.leg.br/author/manoela", "provider_name": " ", "type": "rich"}