{"provider_url": "https://www.uniaodavitoria.pr.leg.br", "title": "37\u00aa SESS\u00c3O ORDIN\u00c1RIA ", "html": "<p>As indica\u00e7\u00f5es apresentadas foram de iniciativa dos seguintes vereadores: Anderson Cardoso (PR) \u2013 solicita\u00e7\u00e3o de um espa\u00e7o de lazer para crian\u00e7as na Rua das Ac\u00e1cias, n\u00ba 312, no Bairro Cristo Rei, e pavimenta\u00e7\u00e3o asf\u00e1ltica da Rua Dona Helena, no Bairro Rio D\u2019Areia; Cordovan Neto (PSB) \u2013 pavimenta\u00e7\u00e3o asf\u00e1ltica da Rua dos L\u00edrios, no Jardim Roseira; Waldir Cortellini (UNI\u00c3O) \u2013 pavimenta\u00e7\u00e3o asf\u00e1ltica da Rua Castor Gomes, no Loteamento Furlan, e da Rua Aur\u00e9lio Fontana de Pauli, no Bairro Cidade Jardim; Pastora Josi (DC) \u2013 pavimenta\u00e7\u00e3o asf\u00e1ltica da Rua Joaquim T\u00e1vora, entre as ruas Marechal Deodoro e Prudente de Moraes, no Centro e a Vereadora Guga (UNI\u00c3O) \u2013 repintura das faixas de pedestres na Rua Carlos Cavalcante, pr\u00f3ximo ao Shopping Vale das Cachoeiras e finaliza\u00e7\u00e3o da pavimenta\u00e7\u00e3o asf\u00e1ltica da Avenida Ivan, no Jardim Roseira.</p>\r\n<p><br /> A Tribuna Popular foi utilizada pelo Pastor Juarez, que falou sobre os 74 anos da Igreja do Evangelho Quadrangular no Brasil, apresentando um panorama hist\u00f3rico da denomina\u00e7\u00e3o. Ele destacou que o primeiro culto da igreja ocorreu em 1923, nos Estados Unidos, e que, em pouco tempo, milhares de pessoas se converteram. Em 1946, mission\u00e1rios chegaram ao Brasil e, em 1951, foi oficialmente fundada a Cruzada Nacional de Evangeliza\u00e7\u00e3o. Atualmente, a igreja possui mais de 18 mil templos no Brasil e est\u00e1 presente em 156 pa\u00edses. Desde 1996, experimenta um crescimento extraordin\u00e1rio, com projetos de miss\u00f5es transculturais que levam o evangelho aos quatro cantos do mundo. No Paran\u00e1, a institui\u00e7\u00e3o est\u00e1 completando 70 anos, tendo sido fundada em 1955. Em Uni\u00e3o da Vit\u00f3ria, a igreja est\u00e1 presente desde 1978, trazida pelo Pastor Doraci Otoski de Oliveira. O pastor finalizou afirmando que o prop\u00f3sito da Igreja Quadrangular \u00e9 aben\u00e7oar pessoas, ajudando, acolhendo e encaminhando jovens, adolescentes e toda a comunidade.</p>\r\n<p>Foram aprovados por unanimidade em Vota\u00e7\u00e3o \u00danica os Projetos de Lei:</p>\r\n<ul>\r\n<li>N\u00ba 45/2025 que altera a Lei 4553/2015 a qual disp\u00f5e e regulamenta o estacionamento rotativo de ve\u00edculos de Uni\u00e3o da Vit\u00f3ria. O assunto, desde o in\u00edcio do ano, foi incisivamente debatido e cobrado pelos vereadores que j\u00e1 haviam elaborado Projeto de Lei, a fim de regulamentar o estacionamento e melhorar a vida do mun\u00edcipe condutor de ve\u00edculos que utilizam o estacionamento rotativo. Os vereadores na \u00e9poca estiveram em reuni\u00e3o com o secret\u00e1rio de tr\u00e2nsito, que neste momento informou \u00e0 assessoria da C\u00e2mara que, com base neste novo decreto, a empresa j\u00e1 passar\u00e1 a aplicar sua reda\u00e7\u00e3o, com apenas uma exce\u00e7\u00e3o. A proposta determina que a concession\u00e1ria repasse 20% da receita bruta mensal ao poder p\u00fablico. Na \u00faltima meia hora do per\u00edodo de funcionamento, a concession\u00e1ria s\u00f3 poder\u00e1 cobrar o equivalente a 30 minutos. Ser\u00e3o concedidas duas cortesias di\u00e1rias em que o ve\u00edculo poder\u00e1 permanecer at\u00e9 10 minutos sem cobran\u00e7a. O pagamento da tarifa continua obrigat\u00f3rio, sob pena de multa. Avisos e notifica\u00e7\u00f5es dever\u00e3o ser feitos eletronicamente e tamb\u00e9m fixados no para-brisa.<br />Para vagas especiais:</li>\r\n</ul>\r\n<p>\u2022 Pessoas com defici\u00eancia: duas cortesias di\u00e1rias de 2 horas gratuitas.<br /> \u2022 Idosos: duas cortesias di\u00e1rias de 15 minutos gratuitas.</p>\r\n<p>Este valer\u00e1 para a prorroga\u00e7\u00e3o do atual contrato ou a pr\u00f3xima licita\u00e7\u00e3o: A regulariza\u00e7\u00e3o de infra\u00e7\u00f5es ser\u00e1 feita mediante pagamento de cinco vezes o valor da menor fra\u00e7\u00e3o vigente, com receita revertida ao munic\u00edpio. As mudan\u00e7as s\u00f3 entrar\u00e3o em vigor na pr\u00f3xima licita\u00e7\u00e3o ou em uma eventual prorroga\u00e7\u00e3o do contrato atual;</p>\r\n<ul>\r\n<li>N\u00ba 49/202 que disp\u00f5e sobre a autoriza\u00e7\u00e3o e a regulamenta\u00e7\u00e3o da utiliza\u00e7\u00e3o de espa\u00e7os esportivos, culturais e de recrea\u00e7\u00e3o.</li>\r\n<li>Foi aprovado por unanimidade em 1\u00aa discuss\u00e3o o Projeto de Lei N\u00ba 54/2025 que disp\u00f5e sobre a cria\u00e7\u00e3o e regulamenta\u00e7\u00e3o do Centro de Aten\u00e7\u00e3o Psicossocial (CAPS) no \u00e2mbito do munic\u00edpio de Uni\u00e3o da Vit\u00f3ria, e d\u00e1 outras provid\u00eancias.</li>\r\n</ul>\r\n<p>Os requerimentos aprovados inclu\u00edram: Cordovan Neto (PSB) solicitando pavimenta\u00e7\u00e3o asf\u00e1ltica na Rua das Margaridas no Jardim Roseira; Waldir Cortellini (UNI\u00c3O) pedindo pavimenta\u00e7\u00e3o na Rua Bernardina Souza Schleder no Cidade Jardim; Anderson Cardoso (PR) requerendo pavimenta\u00e7\u00e3o na Rua Projetada Dois, no Bairro Rio D\u2019Areia; Ricardo Sass (PL) solicitando a instala\u00e7\u00e3o de um novo poste com lumin\u00e1ria na Rua 7 de Setembro no Bairro Ponte Nova, entre os n\u00fameros 228 e 300 e Thays Bieberbach (PT) junto de Cleonice Moller (PP) pedindo melhorias no Cemit\u00e9rio Municipal S\u00e3o Crist\u00f3v\u00e3o.</p>\r\n<p>Todos os vereadores propuseram a mo\u00e7\u00e3o de aplausoss \u00e0 Igreja do Evangelho Quadrangular pelos 74 anos no Brasil e Thays Bieberbach (PT) propos a mo\u00e7\u00e3o de aplausos em homenagem ao Dia da Consci\u00eancia Negra, celebrado em 20 de novembro, data que marca a mem\u00f3ria de Zumbi dos Palmares e simboliza a luta hist\u00f3rica do povo negro por liberdade, dignidade, igualdade e justi\u00e7a.</p>\r\n<p>Os vereadores que fizeram uso da Palavra Livre foram Ricardo Sass, Borracha, Marcio Utzig, Cordovan Neto e Anderson Cardoso. Cordovan comentou sobre os temas esportivos, como a vit\u00f3ria do basquete e o desempenho da equipe do Bairro S\u00e3o Crist\u00f3v\u00e3o no campeonato varzeano. Mas, o assunto mais debatido foi a ilumina\u00e7\u00e3o p\u00fablica. O vereador Borracha relatou que, junto \u00e0 vereadora Pastora Josi, verificaram diversos pontos da cidade e constataram melhorias com as trocas realizadas, por\u00e9m observou a necessidade de revis\u00e3o do c\u00f3digo verificador, para garantir que os servi\u00e7os sejam conclu\u00eddos integralmente. O vereador tamb\u00e9m destacou que o prazo estipulado para substitui\u00e7\u00e3o de l\u00e2mpadas com problemas seria de 48 horas, o que n\u00e3o vem sendo cumprido. O presidente Anderson Cardoso refor\u00e7ou o alerta ao Executivo, mencionando a preocupa\u00e7\u00e3o com o n\u00e3o cumprimento do cronograma prometido pela empresa IP Foco, que previa conclus\u00e3o dos servi\u00e7os at\u00e9 30 de novembro.</p>\r\n<ul>\r\n<li>Em seguida, em Sess\u00e3o Extraordin\u00e1ria foi aprovado em unanimidade e primeira discuss\u00e3o Projeto de Lei 27/2025 que estima a receita e fixa a despesa para o exerc\u00edcio financeiro de 2026 e d\u00e1 outras provid\u00eancias.<br /><br /></li>\r\n</ul>\r\n<p>Manoela de Paula e Souza<br /> Assessora de Comunica\u00e7\u00e3o e Cerimonial<br /> C\u00e2mara de Vereadores de Uni\u00e3o da Vit\u00f3ria</p>", "author_name": "", "version": "1.0", "author_url": "https://www.uniaodavitoria.pr.leg.br/author/manoela", "provider_name": " ", "type": "rich"}