{"provider_url": "https://www.uniaodavitoria.pr.leg.br", "title": "36\u00aa SESS\u00c3O ORDIN\u00c1RIA", "html": "<p>As indica\u00e7\u00f5es apresentadas durante a 36\u00aa Sess\u00e3o Ordin\u00e1ria partiram da iniciativa dos vereadores:<br /> \u2022 Anderson Cardoso (PR): solicitou manuten\u00e7\u00e3o na ilumina\u00e7\u00e3o do Gin\u00e1sio de Esportes Renato Arlei Otto, no Bairro Jo\u00e3o Paulo II, e melhorias na Rua dos Can\u00e1rios, no Loteamento Muzzolon.<br /> \u2022 Ricardo Adriano Sass (PL): pediu pavimenta\u00e7\u00e3o asf\u00e1ltica da Rua Hilda Pol Sass, no Bairro Cristo Rei, e da Rua Ovando Kusma, no Bairro S\u00e3o Joaquim.<br /> \u2022 Cordovan Neto (PSB): solicitou pavimenta\u00e7\u00e3o asf\u00e1ltica na Rua Emanoel Freitas, no Bairro S\u00e3o Luiz, e na Rua Jo\u00e3o Est\u00e1cio de Paula, no Bairro S\u00e3o Gabriel.<br /> \u2022 Waldir Cortellini (Uni\u00e3o): solicitou o t\u00e9rmino da pavimenta\u00e7\u00e3o asf\u00e1ltica da Rua Nossa Senhora da Salete, no bairro de mesmo nome, e pavimenta\u00e7\u00e3o da Rua Jo\u00e3o Visinoni, no Loteamento Furlan, Bairro S\u00e3o Gabriel.<br /> \u2022 Marco Borracha (PL): pediu a recupera\u00e7\u00e3o do asfalto da Rua Clot\u00e1rio Portugal, especialmente no trecho entre a Avenida Manoel Ribas e a Rua Benjamin Constant, e provid\u00eancias urgentes quanto ao mau funcionamento dos sem\u00e1foros em diversos pontos da cidade \u2014 problema recorrente que tem causado transtornos e colocado em risco a seguran\u00e7a da popula\u00e7\u00e3o.<br /> \u2022 Alem\u00e3o da Agropecu\u00e1ria (PL): solicitou manuten\u00e7\u00e3o e amplia\u00e7\u00e3o da ciclovia que liga a Ponte Governador Jos\u00e9 Richa ao Bairro S\u00e3o Joaquim, passando pela Ponte Dom\u00edcio Scaramella, a fim de garantir melhores condi\u00e7\u00f5es de seguran\u00e7a, sinaliza\u00e7\u00e3o e mobilidade para ciclistas e pedestres que utilizam diariamente o trajeto.</p>\r\n<p>Foram aprovados por unanimidade os regimes de urg\u00eancia dos Projetos de Lei Ordin\u00e1ria n\u00ba 45/2025 e n\u00ba 49/2025, ambos de autoria do Poder Executivo.</p>\r\n<p>Em vota\u00e7\u00e3o \u00fanica, tamb\u00e9m foram aprovados por unanimidade os seguintes Projetos de Lei Ordin\u00e1ria de autoria do Poder Executivo:<br /> \u2022 PL n\u00ba 43/2025: cria o Conselho Municipal de Educa\u00e7\u00e3o (CME) do Munic\u00edpio de Uni\u00e3o da Vit\u00f3ria \u2013 PR;<br /> \u2022 PL n\u00ba 50/2025: ratifica o Protocolo de Inten\u00e7\u00f5es firmado entre o Estado do Paran\u00e1 e os munic\u00edpios signat\u00e1rios, com a finalidade de formalizar a constitui\u00e7\u00e3o e adequa\u00e7\u00e3o do Cons\u00f3rcio Intergestores Paran\u00e1 Sa\u00fade (CIPS), nos termos da Lei Federal n\u00ba 11.107/2005, voltado ao desenvolvimento de a\u00e7\u00f5es na \u00e1rea da assist\u00eancia farmac\u00eautica no \u00e2mbito do SUS;<br /> \u2022 PL n\u00ba 51/2025: altera a Lei Municipal n\u00ba 3.058/2003 e cria cinco vagas de cuidadores de idosos;<br /> \u2022 PL n\u00ba 52/2025: altera as Leis Municipais n\u00ba 3.058/2003 e n\u00ba 5.239/2025, criando seis cargos de enfermeiros e sete de agentes comunit\u00e1rios de sa\u00fade;<br /> \u2022 PL n\u00ba 53/2025: disp\u00f5e sobre a cria\u00e7\u00e3o do Fundo Municipal de Esportes de Uni\u00e3o da Vit\u00f3ria \u2013 PR e d\u00e1 outras provid\u00eancias;<br /> \u2022 PL n\u00ba 56/2025: cria o Fundo Municipal de Saneamento B\u00e1sico e Ambiental, institui o Conselho Municipal de Saneamento B\u00e1sico e Ambiental, e define diretrizes de governan\u00e7a, transpar\u00eancia e fontes de receita.</p>\r\n<p>Em Sess\u00e3o Extraordin\u00e1ria, foi aprovado por unanimidade, em 2\u00aa discuss\u00e3o, o Projeto de Lei Ordin\u00e1ria n\u00ba 28/2025, que disp\u00f5e sobre o Plano Plurianual (PPA) 2026\u20132029 da administra\u00e7\u00e3o direta, fundos e \u00f3rg\u00e3os da administra\u00e7\u00e3o indireta do Poder Executivo e Legislativo do Munic\u00edpio de Uni\u00e3o da Vit\u00f3ria.</p>\r\n<p>Os requerimentos acolhidos durante a sess\u00e3o foram apresentados pelos vereadores:<br /> \u2022 Cordovan Neto (PSB): pavimenta\u00e7\u00e3o asf\u00e1ltica na Rua Jos\u00e9 Pac\u00edfico da Silva, no Bairro S\u00e3o Gabriel;<br /> \u2022 Waldir Cortellini (Uni\u00e3o): pavimenta\u00e7\u00e3o asf\u00e1ltica na Rua Herm\u00ednio Millis, no Bairro Nossa Senhora da Salete;<br /> \u2022 Ricardo Adriano Sass (PL): abertura e interliga\u00e7\u00e3o da Rua Dom Pedro I com a Rua Max Schwartz, no Bairro S\u00e3o Bernardo;<br /> \u2022 Anderson Cardoso (PR) e M\u00e1rcio Fernando Utzig (PSD): melhorias e reparos gerais na quadra de grama sint\u00e9tica localizada no Bairro S\u00e3o Gabriel, em frente \u00e0 empresa InBrasil.</p>\r\n<p>O vereador Alem\u00e3o da Agropecu\u00e1ria (PL) apresentou Mo\u00e7\u00e3o de Aplausos ao senhor Roque Corr\u00eaa, conhecido por muitos como \u201cmultiartista\u201d.</p>\r\n<p>Na Palavra Livre, fizeram uso os vereadores Alem\u00e3o, Borracha, Cordovan, M\u00e1rcio, Pastora e Anderson.<br />Entre os principais assuntos, o vereador Marco Borracha destacou pontos que necessitam de aten\u00e7\u00e3o na \u00e1rea urbana do munic\u00edpio. Ele mencionou os problemas frequentes nos sem\u00e1foros em locais centrais de grande fluxo, solicitando que a Secretaria de Tr\u00e2nsito resolva as falhas com mais agilidade.<br />Borracha tamb\u00e9m pediu fiscaliza\u00e7\u00e3o mais rigorosa nas vagas preferenciais e chamou a aten\u00e7\u00e3o para a fia\u00e7\u00e3o enrolada em placas de sinaliza\u00e7\u00e3o, especialmente na regi\u00e3o central e em outros pontos da cidade.</p>\r\n<p>O vereador lembrou que a responsabilidade pelos postes \u00e9 da Copel, que cobra das empresas de telecomunica\u00e7\u00e3o uma taxa de aproximadamente R$ 7 a R$ 8 por poste pelo uso na instala\u00e7\u00e3o de fibra \u00f3tica. Segundo ele, \u00e9 necess\u00e1rio que a Prefeitura, por meio do setor respons\u00e1vel e do C\u00f3digo de Posturas, cobre da Copel provid\u00eancias e a\u00e7\u00f5es efetivas de limpeza e organiza\u00e7\u00e3o da fia\u00e7\u00e3o.</p>\r\n<p>\u2e3b</p>\r\n<p>Manoela de Paula e Souza<br />Assessora de Comunica\u00e7\u00e3o e Cerimonial<br />C\u00e2mara de Vereadores de Uni\u00e3o da Vit\u00f3ria</p>", "author_name": "", "version": "1.0", "author_url": "https://www.uniaodavitoria.pr.leg.br/author/manoela", "provider_name": " ", "type": "rich"}