{"provider_url": "https://www.uniaodavitoria.pr.leg.br", "title": "35\u00aa SESS\u00c3O ORDIN\u00c1RIA", "html": "<p>As indica\u00e7\u00f5es partiram da iniciativa dos vereadores: Guga (UNI\u00c3O) que indicou a necessidade de vaga de parada r\u00e1pida em frente ao Pet Shop e Veterin\u00e1ria no Bairro S\u00e3o Bernardo e reparos na Rua Horts A. Waldraff no Conjunto Bento Munhoz. Anderson Cardoso (PR) solicitou provid\u00eancias quanto \u00e0 guarda e disponibiliza\u00e7\u00e3o das chaves da Capela Mortu\u00e1ria do Bairro Limeira e tamb\u00e9m a coloca\u00e7\u00e3o de tubos e fechamento da valeta localizada em frente \u00e0 Igreja Assembleia de Deus no Bairro Bento Munhoz; os vereadores Marcio Utzig (PSD) e Anderson Cardoso (PR) solicitam implanta\u00e7\u00e3o de ilumina\u00e7\u00e3o p\u00fablica na Autovia Jo\u00e3o Reolon; Cleonice Moller (PP) a\u00e7\u00f5es voltadas \u00e0 amplia\u00e7\u00e3o da oferta e \u00e0 redu\u00e7\u00e3o dos tempos de espera na presta\u00e7\u00e3o de servi\u00e7os de m\u00e9dia e alta complexidade no munic\u00edpio de Uni\u00e3o da Vit\u00f3ria/PR, compreendendo consultas especializadas, exames e cirurgias, com especial aten\u00e7\u00e3o \u00e0 estrutura do Hospital Regional S\u00e3o Camilo e da Associa\u00e7\u00e3o de Prote\u00e7\u00e3o \u00e0 Maternidade e \u00e0 Inf\u00e2ncia - APMI, bem como ao fortalecimento da rede ambulatorial de especialidades e a cria\u00e7\u00e3o e implanta\u00e7\u00e3o de um programa permanente de preven\u00e7\u00e3o e controle do diabetes, com acompanhamento m\u00e9dico, palestras educativas e distribui\u00e7\u00e3o de materiais informativos nas unidades de sa\u00fade do munic\u00edpio. Foram solicitadas pavimenta\u00e7\u00e3o asf\u00e1ltica pelos vereadores: Cordovan Neto (PSB) nas ruas Arapongas no Muzzolon e Alceb\u00edades Tavares no Bairro S\u00e3o Braz; Ricardo Adriano Sass (PL) nas ruas L\u00edcio do Amaral, no bairro S\u00e3o Bernardo e Francisco Beltr\u00e3o no bairro Bom Jesus ; Waldir Cortellini (UNI\u00c3O) nas ruas Expedicion\u00e1rio Ivo Strozzi no S\u00e3o Sebasti\u00e3o e na rua Industrial Lauro Fernandes no Bairro S\u00e3o Braz e Pastora Josi (DC) na Rua Adolfo Alves dos Santos tamb\u00e9m no Bairro S\u00e3o Br\u00e1s.</p>\r\n<p>Na Tribuna Popular o presidente da Associa\u00e7\u00e3o de Moradores do Bairro Jardim Muzzolon, Jonielson de Lima, cobrou solu\u00e7\u00f5es para a destina\u00e7\u00e3o de um terreno que h\u00e1 11 anos aguarda defini\u00e7\u00e3o. Segundo ele, o espa\u00e7o j\u00e1 teve lei aprovada e sancionada, mas nunca foi efetivamente adquirido pela Prefeitura, mesmo ap\u00f3s sucessivas gest\u00f5es. O atual secret\u00e1rio de Administra\u00e7\u00e3o teria justificado que o terreno, em processo de desapropria\u00e7\u00e3o desde 2014, n\u00e3o teve dota\u00e7\u00e3o or\u00e7ament\u00e1ria. Jonielson destacou o potencial do bairro \u2014 com empresas, fam\u00edlias e crian\u00e7as \u2014 e defendeu que o local seja transformado em \u00e1rea de lazer, centro comunit\u00e1rio ou espa\u00e7o esportivo, promovendo qualidade de vida e desenvolvimento para a comunidade.</p>\r\n<p>Foram aprovados os regimes de urg\u00eancia dos Projetos de Lei: n.\u00ba50/2025 de autoria do Poder Executivo; n.\u00ba51/2025 de autoria do Poder Executivo; n.\u00ba52/2025 de autoria do Poder Executivo e n.\u00ba56/2025 de autoria do Poder Executivo.</p>\r\n<p>Em vota\u00e7\u00e3o \u00fanica foi aprovado em unanimidade o Projeto de Lei Ordin\u00e1ria n\u00ba 47/2025 de autoria do Executivo que altera a Lei Municipal N\u00ba 3058/2003 e d\u00e1 outras provid\u00eancias. O Projeto em quest\u00e3o cria duas vagas necess\u00e1rias para fiscal de obras e posturas e uma vaga para advogado com jornada semanal de 40 horas.</p>\r\n<p>Requerimentos aprovados: Entre os pedidos, destacam-se solicita\u00e7\u00f5es de pavimenta\u00e7\u00e3o asf\u00e1ltica apresentadas pelos vereadores Cordovan Neto (PSB) \u2013 Rua Maria Marques, no Bairro Sagrada Fam\u00edlia; Ricardo Sass (PL) \u2013 trecho da Rua D. Pedro I, no Bairro S\u00e3o Bernardo; e Waldir Luiz Cortellini (UNI\u00c3O) \u2013 Rua Hor\u00e1cio Ribeiro, no Bairro S\u00e3o Sebasti\u00e3o. O vereador Marco Ant\u00f4nio Caus (PL) solicitou informa\u00e7\u00f5es sobre quais ruas do munic\u00edpio ser\u00e3o contempladas com recursos estaduais para pavimenta\u00e7\u00e3o. Os vereadores Anderson Cardoso (PR), Alem\u00e3o da Agropecu\u00e1ria (PL) e Marcio Utzig (PSD) pediram provid\u00eancias urgentes para a regulariza\u00e7\u00e3o da remunera\u00e7\u00e3o dos Agentes Comunit\u00e1rios de Sa\u00fade e de Combate \u00e0s Endemias. A vereadora Pastora Josi (DC) solicitou a instala\u00e7\u00e3o de uma faixa elevada para travessia de pedestres na Rua Expedicion\u00e1rio, em frente \u00e0 igreja, enquanto Thays Bieberbach (PT) requereu melhorias no fluxo de tr\u00e2nsito nas proximidades do Col\u00e9gio Vis\u00e3o, entre as ruas Dario Ant\u00f4nio Bordin e Primeiro de Maio.</p>\r\n<p>A Mo\u00e7\u00e3o de Aplausos de todos os vereadores foi destinada \u00e0 professora Angrenni Simone da Silveira Assun\u00e7\u00e3o Orth, da Escola Municipal do Campo Professor Waldomiro Antonio de Souza, pelo brilhante destaque e pela conquista do 1\u00ba lugar na categoria Experi\u00eancia Pedag\u00f3gica na 30\u00aa edi\u00e7\u00e3o do Programa Agrinho, promovido pela Federa\u00e7\u00e3o da Agricultura do Estado do Paran\u00e1 (FAEP) em parceria com a Secretaria de Estado da Educa\u00e7\u00e3o (SEED).</p>\r\n<p>Durante o uso da palavra livre, a vereadora Cleonice Moller destacou o projeto de lei de sua autoria que prop\u00f5e a cria\u00e7\u00e3o de QR Codes em obras e estabelecimentos p\u00fablicos, permitindo que a popula\u00e7\u00e3o acesse informa\u00e7\u00f5es sobre cada obra. Segundo a vereadora, o projeto havia sido considerado inconstitucional pelo Executivo, mas o Minist\u00e9rio P\u00fablico emitiu parecer favor\u00e1vel, reconhecendo que a proposta n\u00e3o gera custos ao munic\u00edpio e segundo ela, poder\u00e1 ser executada pelo Departamento de Comunica\u00e7\u00e3o da Prefeitura. Tamb\u00e9m fizeram uso da palavra os vereadores Marcio Utzig, Borracha, Cordovan, Alem\u00e3o e Anderson. O presidente, vereador Anderson ressaltou a preocupa\u00e7\u00e3o com a situa\u00e7\u00e3o da APAE, alertando para os riscos enfrentados pela institui\u00e7\u00e3o.</p>\r\n<p>Em Sess\u00e3o Extraordin\u00e1ria foi aprovado por unanimidade o Projeto de Lei Ordin\u00e1ria n\u00ba 28/2025 que disp\u00f5e sobre o Plano Plurianual 2026 a 2029 da Administra\u00e7\u00e3o direta, fundos e \u00f3rg\u00e3os da administra\u00e7\u00e3o indireta do Poder Executivo e pelo Poder Legislativo do Munic\u00edpio de uni\u00e3o da Vit\u00f3ria e d\u00e1 outras provid\u00eancias.</p>\r\n<p>Manoela de Paula e Souza<br />Assessora de Comunica\u00e7\u00e3o e Cerimonial<br /> C\u00e2mara de Vereadores de Uni\u00e3o da Vit\u00f3ri</p>", "author_name": "", "version": "1.0", "author_url": "https://www.uniaodavitoria.pr.leg.br/author/manoela", "provider_name": " ", "type": "rich"}