{"provider_url": "https://www.uniaodavitoria.pr.leg.br", "title": "32\u00aa SESS\u00c3O ORDIN\u00c1RIA", "html": "<p class=\"western\"><span>As indica\u00e7\u00f5es apresentadas partiram da iniciativa dos seguintes vereadores:<br />Anderson Cardoso (PR) solicitou a instala\u00e7\u00e3o de um parquinho infantil na Rua Marechal Jo\u00e3o Batista Mascarenhas de Morais, no bairro S\u00e3o Braz; Pastora Josi (DC) indicou a necessidade de melhorias na sinaliza\u00e7\u00e3o horizontal nas vias Wilson Alves e Manoel Silviera D\u2019Elboux, situadas no bairro S\u00e3o Braz; Marco Borracha Caus (PL) solicitou a execu\u00e7\u00e3o de passeios p\u00fablicos na Rua Bar\u00e3o do Cerro Azul; Professor M\u00e1rcio Utzig (PSD) pediu a coloca\u00e7\u00e3o de grama sint\u00e9tica no parquinho da Escola Municipal Duque de Caxias, no bairro S\u00e3o Gabriel, e a manuten\u00e7\u00e3o da Rua Assis Nicolau Abr\u00e3o, tamb\u00e9m no mesmo bairro; Protetora Guga (UNI\u00c3O) solicitou provid\u00eancias para a Rua Eurico Amann, no bairro Rio da Areia; Pires Filho (PP) requereu pavimenta\u00e7\u00e3o asf\u00e1ltica nas Ruas Jo\u00e3o Romanzini Filho e Amp\u00e9lio Romanzini, ambas no bairro S\u00e3o Bas\u00edlio Magno e o vereador Alem\u00e3o da Agropecu\u00e1ria (PL) solicitou a continuidade da pavimenta\u00e7\u00e3o asf\u00e1ltica da Rua Wilson Alves no bairro S\u00e3o Braz.<br /> A Tribuna foi utilizada pelos vereadores Protetora Guga, Cordovan Neto e Anderson Cardoso. Cordovan Neto discursou sobre a constru\u00e7\u00e3o da Escola Hilda Romanzini, ressaltando que a obra est\u00e1 sendo executada com recursos pr\u00f3prios do Munic\u00edpio de Uni\u00e3o da Vit\u00f3ria, ao lado do 7\u00ba Col\u00e9gio da Pol\u00edcia Militar. O vereador, l\u00edder do governo, tranquilizou a comunidade escolar e informou que a previs\u00e3o \u00e9 de que a escola esteja praticamente conclu\u00edda no pr\u00f3ximo ano, com expectativa de finaliza\u00e7\u00e3o at\u00e9 o in\u00edcio do segundo semestre de 2027. Os vereadores Anderson Cardoso e Protetora Guga tamb\u00e9m utilizaram a Tribuna para defender suas representa\u00e7\u00f5es pol\u00edticas.</span></p>\r\n<p class=\"western\"><span> Foram aprovados por unanimidade os seguintes Projetos de Lei:<br /> Vota\u00e7\u00e3o \u00danica:<br /> \u2022 PL n\u00ba 38/2025 \u2013 Cria o Fundo Municipal de Educa\u00e7\u00e3o de Uni\u00e3o da Vit\u00f3ria e d\u00e1 outras provid\u00eancias.<br /> 2\u00aa Discuss\u00e3o:<br /> \u2022 PL n\u00ba 23/2025 \u2013 Cria o Departamento de Ilumina\u00e7\u00e3o P\u00fablica e Inova\u00e7\u00e3o no \u00e2mbito da administra\u00e7\u00e3o direta do Munic\u00edpio de Uni\u00e3o da Vit\u00f3ria e d\u00e1 outras provid\u00eancias.<br /> 1\u00aa Discuss\u00e3o:<br /> \u2022 PL n\u00ba 24/2025 \u2013 Revoga em seu inteiro teor a Lei Municipal n\u00ba 5195, de 17 de dezembro de 2024, e d\u00e1 outras provid\u00eancias;<br /> \u2022 PL n\u00ba 26/2025 \u2013 Revoga a Lei Municipal n\u00ba 5221, de 22 de julho de 2025, que autorizava a doa\u00e7\u00e3o de bens e m\u00f3veis com encargos a entidades sem fins lucrativos.<br /> Os requerimentos partiram da iniciativa dos vereadores: Professor M\u00e1rcio Utzig (PSD) \u2013 solicitou agilidade nos tr\u00e2mites burocr\u00e1ticos e procedimentos para a formaliza\u00e7\u00e3o do conv\u00eanio com a APADAF; Cleonice Moller (PP) e Thays Bieberbach (PT) \u2013 requereram que seja avaliada, com urg\u00eancia, a designa\u00e7\u00e3o de um guardi\u00e3o para o Cemit\u00e9rio Municipal de Uni\u00e3o da Vit\u00f3ria, visando maior seguran\u00e7a; Protetora Guga (UNI\u00c3O) \u2013 solicitou provid\u00eancias imediatas quanto \u00e0 circula\u00e7\u00e3o de cavalos, especialmente no Distrito de S\u00e3o Crist\u00f3v\u00e3o.<br /> O vereador Anderson Cardoso (PR) prop\u00f4s Mo\u00e7\u00e3o de Aplausos ao piloto Manoel Madeira Martins, pelas conquistas no automobilismo brasileiro, que t\u00eam elevado o nome de Uni\u00e3o da Vit\u00f3ria no cen\u00e1rio esportivo nacional. Todos os vereadores propuseram Mo\u00e7\u00e3o de Aplausos \u00e0 Associa\u00e7\u00e3o Uni\u00e3o Karat\u00ea, pela brilhante participa\u00e7\u00e3o na Final do Campeonato Estadual de Karat\u00ea, realizada em Londrina, que reuniu mais de 1.300 atletas e 50 associa\u00e7\u00f5es de todo o Estado.<br />A delega\u00e7\u00e3o de Uni\u00e3o da Vit\u00f3ria contou com 10 karatecas, que, ap\u00f3s tr\u00eas etapas classificat\u00f3rias, alcan\u00e7aram a final entre os seis melhores de cada categoria, conquistando resultados expressivos e levando o nome do munic\u00edpio ao destaque estadual:<br /> \u2022 Andrei de Souza Scheid \u2013 1\u00ba lugar kumite cadete -72 kg (Tri-Campe\u00e3o Estadual);<br /> \u2022 Mois\u00e9s Ismael De Mattos Odozynski \u2013 2\u00ba lugar kumite j\u00fanior -62 kg;<br /> \u2022 Thayla Cristina Ara\u00fajo da Cunha \u2013 1\u00ba lugar kumite cadete -47 kg (Tri-Campe\u00e3 Estadual);<br /> \u2022 Sophia Diniz Alves \u2013 2\u00ba lugar kumite cadete -47 kg;<br /> \u2022 Izabelle Cristiny dos Santos \u2013 3\u00ba lugar kumite cadete -54 kg;<br /> \u2022 Abra\u00e3o Henrique Golemba Ferreira \u2013 3\u00ba lugar kumite j\u00fanior -68 kg;<br /> \u2022 Felipe Matheus Faria de Oliveira \u2013 participa\u00e7\u00e3o na categoria cadete +76 kg.<br /><br /> A Palavra Livre foi utilizada pelos vereadores Alem\u00e3o da Agropecu\u00e1ria (PL), M\u00e1rcio Utzig (PSD), Ricardo Sass (PL), Protetora Guga (UNI\u00c3O), Anderson Cardoso (PR), Marco Borracha (PL) e Cordovan Neto (PSB).<br /> O vereador Ricardo Sass (PL) relembrou uma situa\u00e7\u00e3o anteriormente apresentada por ele na Tribuna da Casa de Leis, junto aos vereadores Tica e Pires, referente a requerimento encaminhado \u00e0 Sanepar. A solicita\u00e7\u00e3o tratava da resolu\u00e7\u00e3o de problemas relacionados a esgoto a c\u00e9u aberto e refluxo em diversos locais da cidade. Durante o uso da tribuna, o vereador exibiu v\u00eddeos mostrando as situa\u00e7\u00f5es que, segundo ele, prejudicam resid\u00eancias e com\u00e9rcios, afetando a sa\u00fade p\u00fablica dos moradores. O vereador destacou ainda que tais situa\u00e7\u00f5es podem ensejar pedidos de indeniza\u00e7\u00e3o. Sass tamb\u00e9m comentou sobre o fechamento das ag\u00eancias dos bancos Bradesco e Ita\u00fa na cidade de Porto Uni\u00e3o, o que resultou na transfer\u00eancia de contas e aumento no fluxo de clientes nas ag\u00eancias de Uni\u00e3o da Vit\u00f3ria, gerando superlota\u00e7\u00e3o e longos tempos de espera. O vereador solicitou que o PROCON continue acompanhando e notificando os bancos sobre a qualidade do atendimento prestado.<br /> O vereador Marco Borracha (PL) destacou a realiza\u00e7\u00e3o da audi\u00eancia p\u00fablica de presta\u00e7\u00e3o de contas do segundo quadrimestre, referente ao per\u00edodo de janeiro a setembro. Segundo o vereador, o or\u00e7amento elaborado no ano anterior foi executado de forma respons\u00e1vel neste exerc\u00edcio. Ele parabenizou a equipe de finan\u00e7as, que, mesmo diante das dificuldades, aplicou corretamente os recursos, destacando que o investimento em educa\u00e7\u00e3o j\u00e1 atingiu 22%, pr\u00f3ximo ao limite de 25% previsto. O vereador ressaltou ainda a import\u00e2ncia da chegada de recursos estaduais para o munic\u00edpio, especialmente para \u00e1reas como reformas, unidades de sa\u00fade e educa\u00e7\u00e3o.<br />O vereador Professor M\u00e1rcio pediu a palavra e lembrou o desafio previdenci\u00e1rio enfrentado pelo munic\u00edpio, concordando com Borracha quanto \u00e0 relev\u00e2ncia dos investimentos estaduais para Uni\u00e3o da Vit\u00f3ria.<br /><br />\u2e3b<br /><br />Manoela de Paula e Souza<br />Assessora de Comunica\u00e7\u00e3o e Cerimonial<br />C\u00e2mara de Vereadores de Uni\u00e3o da Vit\u00f3ria</span></p>", "author_name": "", "version": "1.0", "author_url": "https://www.uniaodavitoria.pr.leg.br/author/manoela", "provider_name": " ", "type": "rich"}