{"provider_url": "https://www.uniaodavitoria.pr.leg.br", "title": "31\u00aa SESS\u00c3O ORDIN\u00c1RIA", "html": "<p class=\"western\"><span>As indica\u00e7\u00f5es foram de iniciativa dos vereadores: A</span>nderson Cardoso (PR) para <span>pavimenta\u00e7\u00e3o asf\u00e1ltica na Rua Est\u00e9fano Berejuk e instala\u00e7\u00e3o de bancos na Avenida Paula Freitas, nas proximidades do numeral 1251; Waldir Cortellini (UNI\u00c3O) para transforma\u00e7\u00e3o em m\u00e3o \u00fanica a Rua Afonso Corr\u00eaa no bairro Nossa Senhora da Salete e incluis\u00e3o do bairro S\u00e3o Sebasti\u00e3o no itiner\u00e1rio do \u00f4nibus que transporta pacientes de Uni\u00e3o da Vit\u00f3ria para Curitiba. A vereadora Pastora Josi (DC) solicitou an\u00e1lise t\u00e9cnica no cruzamento das ruas Castro Alves com Jo\u00e3o Gualberto, nas proximidades do pr\u00e9dio onde funcionava a antiga UPA (atual Secretaria Municipal de Sa\u00fade) e melhorias no Centro Comunit\u00e1rio do bairro Limeira; a vereadora Guga (UNI\u00c3O) indicou a necessidade de vaga para parada r\u00e1pida em frente \u00e0 Cl\u00ednica Veterin\u00e1ria Sa\u00fade Animal e melhorias em via do bairro Sagrada Fam\u00edlia. O vereador Joarez Tica (DC) solicitou pavimenta\u00e7\u00e3o asf\u00e1ltica na Rua Bras\u00edlia no bairro Nossa Senhora da Salete e o vereador Alem\u00e3o da Agropecu\u00e1ria (PL) pavimenta\u00e7\u00e3o asf\u00e1ltica para a rua Rua Alc\u00eddes Vodonos no bairro Bento Munhoz da Rocha e na Rua Afonso Corr\u00eaa.</span></p>\r\n<p class=\"western\">A vereadora Thays Bieberbach (PT) protocolou, na sexta-feira (26 de setembro), uma representa\u00e7\u00e3o para destitui\u00e7\u00e3o do presidente da C\u00e2mara, vereador Anderson Cardoso, do cargo na Mesa Diretora. A representa\u00e7\u00e3o, que possui quase 40 p\u00e1ginas e foi dada ci\u00eancia a todos os vereadores, cita diversas circunst\u00e2ncias. O documento foi encaminhado integralmente ao vice-presidente, vereador Cordovan Neto, a quem coube dar sequ\u00eancia aos tr\u00e2mites, por se tratar de pedido de destitui\u00e7\u00e3o do presidente. Nesses casos, conforme regimento interno da Casa de Leis, o vice-presidente assume a condu\u00e7\u00e3o do processo como presidente interino. Dessa forma, Cordovan Neto colocou em pauta, na 31\u00aa Sess\u00e3o, a representa\u00e7\u00e3o da vereadora, que foi aprovada com 8 votos favor\u00e1veis e 4 contr\u00e1rios \u2014 sendo contr\u00e1rios os votos do pr\u00f3prio presidente Anderson Cardoso, da vereadora Guga, do vereador Alem\u00e3o da Agro e do vereador Marcio Utzig. Neste caso, Cordovan Neto n\u00e3o votou, por estar na condi\u00e7\u00e3o de presidente interino.</p>\r\n<p class=\"western\">O tema gerou intensos debates. O vereador Marcio Utzig solicitou o arquivamento da representa\u00e7\u00e3o, apontando supostas falhas nos tr\u00e2mites internos. Contudo, segundo Cordovan Neto, a an\u00e1lise regimental e a orienta\u00e7\u00e3o jur\u00eddica da Casa confirmaram a regularidade do processo, permitindo a continuidade da vota\u00e7\u00e3o. Durante as manifesta\u00e7\u00f5es, a vereadora Guga defendeu o presidente; o vereador Borracha apontou falhas na condu\u00e7\u00e3o de Anderson Cardoso, ressaltando que ele ter\u00e1 direito de defesa em at\u00e9 15 dias; e o vereador Sass destacou que haver\u00e1 um processo de avalia\u00e7\u00e3o caso ocorra a vota\u00e7\u00e3o definitiva da destitui\u00e7\u00e3o. J\u00e1 as vereadoras Thays e Pastora Josi relataram situa\u00e7\u00f5es de tratamento inadequado por parte do presidente, sendo que Thays tamb\u00e9m apresentou outros apontamentos que, segundo ela, n\u00e3o devem ocorrer dentro da Casa.</p>\r\n<p class=\"western\"><span> O vereador Anderson, presidente da Casa Legislativa, utilizou a tribuna durante a 31\u00aa Sess\u00e3o abordando o assunto da rivalidade pol\u00edtica com o principal tema: segundo ele foi realizada uma den\u00fancia an\u00f4nima no Minist\u00e9rio P\u00fablico onde o mesmo foi acusado de viol\u00eancia de g\u00eanero na Casa Legislativa e segundo ele, tal acusa\u00e7\u00e3o veio arquivada como resposta por n\u00e3o reconhecer, segundo ele, a situa\u00e7\u00e3o de acusa\u00e7\u00e3o. O presidente, vereador Anderson, mencionou tal arquivamento diversas vezes na discuss\u00e3o o que acabou sendo ignorado pelos vereadores que votaram contr\u00e1rio e se manifestaram.<br /></span>Com a aprova\u00e7\u00e3o da representa\u00e7\u00e3o, abre-se agora o prazo de 15 dias para apresenta\u00e7\u00e3o da defesa do vereador Anderson Cardoso. Em seguida, o processo seguir\u00e1 para an\u00e1lise dos parlamentares, dentro do rito regimental, podendo resultar ou n\u00e3o na vota\u00e7\u00e3o pela destitui\u00e7\u00e3o.</p>\r\n<p class=\"western\">Os Projetos de Lei que foram aprovados por unanimidade foram:</p>\r\n<p class=\"western\"><span> - Em 2\u00aa discuss\u00e3o:<br /> \u2022 Projeto de Lei Ordin\u00e1ria n\u00ba 30/2025, que disp\u00f5e sobre a organiza\u00e7\u00e3o do Sistema de Controle Interno no Munic\u00edpio de Uni\u00e3o da Vit\u00f3ria-PR, cria a Controladoria-Geral do Munic\u00edpio e d\u00e1 outras provid\u00eancias;<br /> \u2022 Projeto de Lei Ordin\u00e1ria n\u00ba 32/2025, que altera a Lei Municipal n\u00ba 3058/2003, referente \u00e0 reestrutura\u00e7\u00e3o da organiza\u00e7\u00e3o funcional de recursos humanos da Prefeitura de Uni\u00e3o da Vit\u00f3ria, e d\u00e1 outras provid\u00eancias.</span></p>\r\n<p class=\"western\">- Em 1\u00aa discuss\u00e3o:<br />\u2022 Projeto de Lei Ordin\u00e1ria n\u00ba 23/2025, que cria o Departamento de Ilumina\u00e7\u00e3o P\u00fablica e Inova\u00e7\u00e3o no \u00e2mbito da administra\u00e7\u00e3o direta do Munic\u00edpio de Uni\u00e3o da Vit\u00f3ria, define sua estrutura organizacional e d\u00e1 outras provid\u00eancias.</p>\r\n<p class=\"western\"><span>Os requerimentos foram de iniciativa dos vereadores: Pastora Josi (DC) para que sejam tomadas provid\u00eancias quanto \u00e0 instala\u00e7\u00e3o do encanamento de \u00e1gua na Avenida Pedro Kravicz, bairro Vila Rica; Anderson Cardoso (PR) solicitou pavimenta\u00e7\u00e3o para a Estrada Andr\u00e9 Balardini, via que d\u00e1 acesso \u00e0 ACARDI; Alem\u00e3o da Agropecu\u00e1ria (PL) para que seja destinado espa\u00e7o adequado dentro das instala\u00e7\u00f5es do Parque Linear do bairro S\u00e3o Crist\u00f3v\u00e3o para a realiza\u00e7\u00e3o de uma Feira Livre; Thays Bieberbach (PT) que seja promovida altera\u00e7\u00e3o na Lei Municipal n\u00ba 4.906, de 22 de dezembro de 2020, regulamentando o Programa de Aluguel Social para contemplar tamb\u00e9m a concess\u00e3o do benef\u00edcio a jovens que atingirem a maioridade e deixarem o servi\u00e7o de acolhimento institucional. </span></p>\r\n<p class=\"western\">Mo\u00e7\u00e3o de aplausos de autoria dos vereadores Anderson Cripa Luis Cardoso (PR), Alem\u00e3o da Agropecu\u00e1ria (PL), Cleonice Martinazzo Moller (PP), Cordovan Frederico de Melo Neto (PSB), Evelin M. T. de Paula Dias (UNI\u00c3O), Joarez Tica (DC), J\u00falio Adilson Pires Filho (PP), Marcio Fernando Utzig (PSD), Marco Ant\u00f4nio Caus (PL), Pastora Josi (DC), Ricardo Adriano Sass (PL) e Waldir Luiz Cortellini (UNI\u00c3O), Uma Mo\u00e7\u00e3o de aplausos e reconhecimento ao Clube de Desbravadores, institui\u00e7\u00e3o social, recreativa e sem fins lucrativos, patrocinada pela Igreja Adventista do S\u00e9timo Dia, que tem por finalidade a forma\u00e7\u00e3o e o desenvolvimento f\u00edsico, mental, social e espiritual de juvenis e adolescentes com idades entre 10 e 15 anos.</p>\r\n<p class=\"western\">Os vereadores que fizeram uso da palavra livre foram Anderson Cardoso, Cordovan Neto, Alem\u00e3o da Agropecu\u00e1ria, Borracha, Marcio Utzig e Waldir Cortellini, os temas mais comentados foram, al\u00e9m de suas pr\u00f3prias proposi\u00e7\u00f5es, a respeito da vota\u00e7\u00e3o da representa\u00e7\u00e3o da vereadora Thays para a destitui\u00e7\u00e3o do presidente da Casa Legislativa.</p>\r\n<p class=\"western\"><span> Manoela de Paula e Souza<br /> Assessora de Comunica\u00e7\u00e3o e Cerimonial<br /> C\u00e2mara de Vereadores de Uni\u00e3o da Vit\u00f3ria</span></p>", "author_name": "", "version": "1.0", "author_url": "https://www.uniaodavitoria.pr.leg.br/author/manoela", "provider_name": " ", "type": "rich"}