{"provider_url": "https://www.uniaodavitoria.pr.leg.br", "title": "30\u00aa SESS\u00c3O ORDIN\u00c1RIA", "html": "<p class=\"western\"><span>As indica\u00e7\u00f5es ficaram por conta dos vereadores: Anderson Cardoso (PR) que solicitou pavimenta\u00e7\u00e3o asf\u00e1ltica da Rua das Violetas e na viela n\u00ba 7 no bairro Rocio. Waldir Cortellini (UNI\u00c3O) indicou a necessidade de manuten\u00e7\u00e3o da estrada que d\u00e1 acesso \u00e0 Associa\u00e7\u00e3o dos Servidores de Uni\u00e3o da Vit\u00f3ria e a Vereadora Guga (UNI\u00c3O) pintura das faixas de pedestres na Rua Bar\u00e3o do Cerro Azul e na Rua Costa Carvalho. Thays Bieberbach (PT) pediu recupera\u00e7\u00e3o da Rua Alceu Smaniotto, no bairro Rocio e o vereador Prof. Cordovan Neto (PSB) solicitou melhorias na conex\u00e3o entre a Ciclovia do Parque Linear do S\u00e3o Crist\u00f3v\u00e3o e a Ciclovia do S\u00e3o Sebasti\u00e3o; </span></p>\r\n<p class=\"western\"><span> A Tribuna Popular foi utilizada pelo Sr. Euester Goulart que fallou sobre o dia mundial dos Desbravadores, comemorado em 20 de setembro. Os desbravadores buscam o desenvolvimento de talentos, habilidades, percep\u00e7\u00f5es e gosto pela natureza de meninos e meninas de 10 a 15 anos de diferentes classes sociais , cor e religi\u00e3o. Atrav\u00e9s do desenvolvimento c\u00edvico, mental e espiritual o trabalho \u00e9 realizado por volunt\u00e1rios dedicados \u00e0s crian\u00e7as e adolescnetes.</span></p>\r\n<p class=\"western\"><span> Foram aprovados por unanimidade:</span></p>\r\n<p class=\"western\"><span> Em 2\u00aa discuss\u00e3o:</span></p>\r\n<ul>\r\n<ul>\r\n<li>\r\n<p class=\"western\"><span>Projeto de Lei n\u00ba 20/2025 que autoriza a cria\u00e7\u00e3o do Progbrama \"Banco de Ra\u00e7\u00e3o\" em Uni\u00e3o da Vit\u00f3ria;</span></p>\r\n</li>\r\n<li>\r\n<p class=\"western\"><span>n\u00ba 25/2025: denomina de Rua Ivone Mendes de Ara\u00fajo a atual Rua 1C do loteamento S\u00e3o Jos\u00e9 no Bairro S\u00e3o Gabriel; </span></p>\r\n</li>\r\n</ul>\r\n</ul>\r\n<p class=\"western\"><span> Em 1\u00aa discuss\u00e3o:</span></p>\r\n<ul>\r\n<ul>\r\n<li>\r\n<p class=\"western\"><span>Projeto de Lei Ordin\u00e1ria n\u00ba 30/2025 que disp\u00f5e sobre a organiza\u00e7\u00e3o do Sistema de Controle Interno no Munic\u00edpio de Uni\u00e3o da Vit\u00f3ria PR e cria a Controladoria-Geral do Munic\u00edpio;</span></p>\r\n</li>\r\n<li>\r\n<p class=\"western\"><span>Projeto de Lei Ordin\u00e1ria n\u00ba 32/2025 que altera a Lei Municipal N\u00ba 3058/2003 que disp\u00f5e sobre a reestrutura\u00e7\u00e3o da Organiza\u00e7\u00e3o Funcional de Recursos Humanos da Prefeitura de Uni\u00e3o da Vit\u00f3ria.</span></p>\r\n</li>\r\n</ul>\r\n</ul>\r\n<p class=\"western\"><span> Os requerimentos acolhidos foram: de autoria de todos os vereadores destinado ao Departamento Nacional de Infraestrutura de Transportes - DNIT, considerando a import\u00e2ncia estrat\u00e9gica da constru\u00e7\u00e3o do Contorno Leste, ligando a ligando a BR-280 \u00e0 BR-476, interligando de forma eficiente os munic\u00edpios de Porto Uni\u00e3o/SC e Uni\u00e3o da Vit\u00f3ria/PR, o que trar\u00e1 maior fluidez ao tr\u00e1fego, redu\u00e7\u00e3o de acidentes, fortalecimento log\u00edstico e incentivo ao desenvolvimento econ\u00f4mico regional. O vereador Marcio Utzig (PSD) solicitou para que seja regulamentado via decreto, nos termos do par\u00e1grafo \u00fanico do Artigo 40 (a) da lei 3621 de 2008, o avan\u00e7o por aperfei\u00e7oamento no percentual de 4%; a vereadora Guga (UNI\u00c3O) pediu melhorias na Rua Arapongas no bairro Muzolon e Anderson Cardoso (PR) reforma geral na Escola Municipal Guia Lopes.</span></p>\r\n<p class=\"western\"><span> A Palavra Livre foi utilizada pelos vereadores: Cordovan Neto, Guga e Anderson a respeito de projetos de suas pr\u00f3rias autorias.</span></p>\r\n<p class=\"western\"><span><br /> Manoela de Paula e Souza<br /> Assessora de Comunica\u00e7\u00e3o e Cerimonial<br /> C\u00e2mara de Vereadores de Uni\u00e3o da Vit\u00f3ria</span></p>", "author_name": "", "version": "1.0", "author_url": "https://www.uniaodavitoria.pr.leg.br/author/manoela", "provider_name": " ", "type": "rich"}