{"provider_url": "https://www.uniaodavitoria.pr.leg.br", "title": "\t29\u00aa SESS\u00c3O ORDIN\u00c1RIA", "html": "<p class=\"western\"><span> 29\u00aa SESS\u00c3O ORDIN\u00c1RIA<br /><br /> As indica\u00e7\u00f5es foram de autoria dos vereadores: Anderson Cardoso (PR), que solicitou recape asf\u00e1ltico na Rua S\u00e3o Roque, no bairro Nossa Senhora do Rocio, e na Rua Affonso Bona, no Ouro Verde; a vereadora Pastora Josi (DC), que solicitou a constru\u00e7\u00e3o de pra\u00e7a com parquinho no bairro Ponte Nova e provid\u00eancias em reparos na Rua Ant\u00f4nio de Farias, no bairro S\u00e3o Sebasti\u00e3o; Marcio Utzig (PSD), que solicitou aumento no hor\u00e1rio de funcionamento da Farm\u00e1cia Padre Silvano Surmacz, em S\u00e3o Crist\u00f3v\u00e3o; Waldir Cortellini (UNI\u00c3O), que indicou a necessidade de melhorias na Estrada dos Po\u00e7os, no Distrito de S\u00e3o Domingos; Thays Bieberbach (PT), que solicitou manuten\u00e7\u00e3o no CMEI Maria Flenick, no Rio da Areia, e, junto \u00e0 vereadora Cleonice Moller (PP), solicitaram a implanta\u00e7\u00e3o de um Centro de Especialidades Odontol\u00f3gicas (CEO \u2013 Odontia) pelo SUS; a vereadora Protetora Guga (UNI\u00c3O), que solicitou pavimenta\u00e7\u00e3o na Rua Jos\u00e9 Barbosa, no Sagrada Fam\u00edlia; e Ricardo Sass (PL), que indicou a necessidade de melhorias no campo de futebol su\u00ed\u00e7o do Conjunto Jo\u00e3o Paulo II.</span></p>\r\n<p class=\"western\"><span> Em 1\u00aa discuss\u00e3o, foram aprovados por unanimidade os Projetos de Lei Ordin\u00e1ria n\u00ba 20/2025 \u2013 que autoriza a cria\u00e7\u00e3o do Programa Banco de Ra\u00e7\u00e3o \u2013 e n\u00ba 25/2025 \u2013 que denomina de Rua Ivone Mendes de Ara\u00fajo a atual Rua 1C do Loteamento S\u00e3o Jos\u00e9, no Bairro S\u00e3o Gabriel.<br /> A Tribuna foi utilizada pelos vereadores Thays Bieberbach (PT), Cordovan Neto (PSB), Anderson Cardoso (UNI\u00c3O) e Ricardo Adriano Sass (PL).</span></p>\r\n<p class=\"western\"><span><br /> Foi aprovada a Mo\u00e7\u00e3o de Rep\u00fadio, de autoria dos vereadores Thays Bieberbach (PT), Cleonice Martinazzo Moller (PP), J\u00falio Adilson Pires Filho (PP), Marco Ant\u00f4nio Caus (PL), Pastora Josi (DC), Ricardo Adriano Sass (PL) e Waldir Luiz Cortellini (UNI\u00c3O), direcionada \u00e0 postura adotada pelo Presidente da C\u00e2mara na sess\u00e3o de 8 de setembro de 2025. O assunto foi amplamente debatido. Os vereadores Thays (PT), Sass (PL) e Anderson (PR) abordaram o tema na tribuna, cada um sob seu ponto de vista. O vereador Cordovan Neto (PSB), na discuss\u00e3o da mo\u00e7\u00e3o, declarou compreender a inten\u00e7\u00e3o da autora, mas n\u00e3o concordar integralmente com a reda\u00e7\u00e3o, e a vereadora Protetora Guga (UNI\u00c3O) afirmou n\u00e3o identificar viol\u00eancia de g\u00eanero na sess\u00e3o citada. Os vereadores Marcio Utzig (PSD) e Alem\u00e3o (PL) apontaram falhas de ambas as partes e se abstiveram do voto. J\u00e1 Borracha (PL), Pastora Josi (DC) e Sass (PL) justificaram seus votos de apoio \u00e0 mo\u00e7\u00e3o.</span></p>\r\n<p class=\"western\"><span><br /> Segundo o presidente, vereador Anderson, ele questionou, durante a discuss\u00e3o, os vereadores que se posicionaram favor\u00e1veis \u00e0 mo\u00e7\u00e3o se sabiam o que a lei define como viol\u00eancia pol\u00edtica de g\u00eanero e, segundo ele, nenhum soube responder. A mo\u00e7\u00e3o foi aprovada com votos contr\u00e1rios de Cordovan Neto (PSB) e Protetora Guga (UNI\u00c3O), aus\u00eancia da vereadora Cleonice Moller (PP) e duas absten\u00e7\u00f5es, de Marcio Utzig (PSD) e Alem\u00e3o (PL).<br /> </span></p>\r\n<p class=\"western\"><span>Os requerimentos foram de autoria dos vereadores: Cleonice Moller (PP), para que sejam colocadas em pr\u00e1tica as Leis Municipais n\u00ba 5.133/2023 e 5.156/2024, que disp\u00f5em sobre o Programa Municipal de Apoio e Prote\u00e7\u00e3o \u00e0s Mulheres V\u00edtimas de Viol\u00eancia; Pastora Josi (DC), para que sejam realizadas reformas e melhorias na Escola Municipal Judith Goss de Lima, localizada no bairro Rio da Areia; Marcio Fernando Utzig (PSD), para contrata\u00e7\u00e3o de secret\u00e1rios para atuar nas escolas e CMEIs com mais de 100 alunos; Anderson Cardoso (PR), para limpeza e revitaliza\u00e7\u00e3o do campinho localizado no Bairro S\u00e3o Joaquim; Waldir Cortellini (UNI\u00c3O), que solicitou informa\u00e7\u00f5es a respeito de geradores de energia que atendem as Unidades B\u00e1sicas de Sa\u00fade (UBSs) e o custo total estimado para aquisi\u00e7\u00e3o e/ou instala\u00e7\u00e3o desses equipamentos; Protetora Guga (UNI\u00c3O), que requereu informa\u00e7\u00f5es relativas \u00e0 servidora atualmente designada para o exerc\u00edcio de fun\u00e7\u00e3o gratificada pela atividade de fiscaliza\u00e7\u00e3o de contratos; Cordovan Neto (PSB), que solicitou encaminhamento de of\u00edcio \u00e0 COPEL, a fim de que sejam prestados esclarecimentos e adotadas medidas urgentes quanto \u00e0s constantes oscila\u00e7\u00f5es de energia el\u00e9trica no bairro Bom Jesus; e Alem\u00e3o da Agropecu\u00e1ria (PL), que solicitou ao Superintendente Regional do Departamento Nacional de Infraestrutura de Transportes (DNIT) a ado\u00e7\u00e3o de medidas urgentes para a renova\u00e7\u00e3o e revitaliza\u00e7\u00e3o da BR-153.<br /> </span></p>\r\n<p class=\"western\"><span>Os vereadores que utilizaram a palavra livre foram Marcio Utzig (PSD), Cortellini (UNI\u00c3O), Cordovan (PSB), Pastora Josi (DC), Anderson Cardoso (PR) e Borracha (PL). O assunto mais comentado foi o desentendimento entre a vereadora Thays (PT) e o vereador Anderson (PR). O fato ocorrido, segundo alguns vereadores, decorreu de erros de ambas as partes. O vereador presidente, em seu direito regimental de uso da palavra, exp\u00f4s seu pensamento cr\u00edtico a respeito do voto da vereadora em rela\u00e7\u00e3o \u00e0 mo\u00e7\u00e3o da 28\u00aa Sess\u00e3o. A vereadora tentou interromper a fala do vereador para defender-se, o que n\u00e3o foi permitido pelo presidente, por tratar-se de seu tempo regimental de palavra, determinando o corte do microfone.<br /><br /> Manoela de Paula e Souza<br /> Assessora de Comunica\u00e7\u00e3o e Cerimonial<br /> C\u00e2mara de Vereadores de Uni\u00e3o da Vit\u00f3ria</span></p>", "author_name": "", "version": "1.0", "author_url": "https://www.uniaodavitoria.pr.leg.br/author/manoela", "provider_name": " ", "type": "rich"}