{"provider_url": "https://www.uniaodavitoria.pr.leg.br", "title": "27\u00aa SESS\u00c3O ORDIN\u00c1RIA", "html": "<p class=\"western\"><span>As indica\u00e7\u00f5es partiram da iniciativa dos vereadores: Pires Filho (PP), que solicitou a finaliza\u00e7\u00e3o da pavimenta\u00e7\u00e3o asf\u00e1ltica na Rua Uni\u00e3o da Vit\u00f3ria; Cordovan Neto (PSB), pavimenta\u00e7\u00e3o asf\u00e1ltica na Rua das Primaveras, no Jardim Roseira, e na Rua Carlos Evaldo Unterstell, no Bairro Limeira; Pastora Josi (DC), manuten\u00e7\u00e3o de via no Bairro S\u00e3o Sebasti\u00e3o e instala\u00e7\u00e3o de biciclet\u00e1rio na Unidade de Sa\u00fade do Bairro Rio D\u2019Areia; Anderson Cardoso (PR) indicou a necessidade de pavimenta\u00e7\u00e3o asf\u00e1ltica na Rua Maria Josefa Amazonas e na Rua Prof. D\u00eddio Augusto, no Bairro Nossa Senhora do Rocio; Waldir Cortellini (UNI\u00c3O) pediu manuten\u00e7\u00e3o da estrada de acesso \u00e0 comunidade do Rio Vermelho; Thays Bieberbach (PT) solicitou melhorias na mini arena do Conjunto Bento Munhoz e tamb\u00e9m o envio, pela secretaria competente, da rela\u00e7\u00e3o de planos e projetos realizados no CREAS; e a vereadora Cleonice Moller (PP) indicou a necessidade de manuten\u00e7\u00e3o de via no Bairro Cidade Jardim.<br /><br /> Foram aprovados por unanimidade:<br /> \u2022 1\u00aa discuss\u00e3o do Projeto de Lei n\u00ba 23/2025, que declara patrim\u00f4nio cultural imaterial do Munic\u00edpio de Uni\u00e3o da Vit\u00f3ria os saberes, conhecimentos e pr\u00e1ticas tradicionais de sa\u00fade dos of\u00edcios populares e de cura religiosa;<br /> \u2022 Vota\u00e7\u00e3o \u00fanica do Projeto de Lei Ordin\u00e1ria n\u00ba 25/2025, que altera a Lei Municipal n\u00ba 3058/2003, a qual disp\u00f5e sobre a reestrutura\u00e7\u00e3o da organiza\u00e7\u00e3o funcional de recursos humanos da Prefeitura Municipal de Uni\u00e3o da Vit\u00f3ria.<br /><br /> Os requerimentos acolhidos pelos edis foram de iniciativa dos vereadores: Cordovan Neto (PSB), para instala\u00e7\u00e3o de ilumina\u00e7\u00e3o decorativa na Catedral Sagrado Cora\u00e7\u00e3o de Jesus; Alem\u00e3o da Agropecu\u00e1ria (PL), para recoloca\u00e7\u00e3o da ilumina\u00e7\u00e3o p\u00fablica na extens\u00e3o do viaduto da BR-153; Pastora Josi (DC), que requereu provid\u00eancias para pavimenta\u00e7\u00e3o e manuten\u00e7\u00e3o da Rua Carlota Pioli, no Bairro Rio D\u2019Areia; Anderson Cardoso (PR), pavimenta\u00e7\u00e3o asf\u00e1ltica da Rua Jos\u00e9 Maria Gomes, no Bairro Nossa Senhora do Rocio; Protetora Guga (UNI\u00c3O), solicitando ao Instituto \u00c1gua e Terra (IAT) informa\u00e7\u00f5es a respeito do atendimento de animais; e Thays Bieberbach (PT), pedindo a amplia\u00e7\u00e3o e cria\u00e7\u00e3o de cargos no quadro de funcion\u00e1rios do CREAS, como o de Educador Social.<br /><br />As mo\u00e7\u00f5es acolhidas por unanimidade foram de autoria dos vereadores:<br /> \u2022 Anderson Cardoso (PR), ao Maestro Jos\u00e9 Carlos Gon\u00e7alves e \u00e0 Professora Berenice Aparecida Guerelus Gon\u00e7alves, pela dedica\u00e7\u00e3o, comprometimento e excel\u00eancia na organiza\u00e7\u00e3o e realiza\u00e7\u00e3o do CINFABAN \u2013 Concurso Interestadual de Fanfarras e Bandas, que em 2025 concluiu sua 33\u00aa edi\u00e7\u00e3o, um dos maiores e mais respeitados eventos do g\u00eanero no Sul do Brasil, reunindo m\u00fasicos, core\u00f3grafos, maestros, educadores e jovens de diferentes estados, promovendo integra\u00e7\u00e3o cultural, disciplina, esp\u00edrito de equipe e valoriza\u00e7\u00e3o da m\u00fasica como instrumento de transforma\u00e7\u00e3o social;</span></p>\r\n<p class=\"western\"><span> \u2022 Alem\u00e3o da Agropecu\u00e1ria (PL), \u00e0 supervisora da Escola Dille Testi, S\u00edlvia La\u00eds Cordeiro, e \u00e0 t\u00e9cnica de enfermagem da Unidade de Sa\u00fade Conjuntos, Idalina Nadir de Souza, pelo exemplo de empatia e prontid\u00e3o demonstrados em situa\u00e7\u00e3o de emerg\u00eancia;<br /> \u2022 Marcio Fernando Utzig (PSD), ao jovem atleta Crystian Felipe Godoy, em reconhecimento \u00e0 sua hist\u00f3ria de vida, supera\u00e7\u00e3o e relevantes conquistas no paradesporto. Desde cedo enfrentando os desafios da paralisia cerebral, Crystian encontrou no esporte sua maior for\u00e7a. Na Bocha Paral\u00edmpica e no Atletismo, coleciona t\u00edtulos regionais, estaduais, nacionais e internacionais \u2013 incluindo o ouro no Mundial da Dinamarca, em 2014, e medalhas no Parajaps e Jogos Paradesportivos do Paran\u00e1. Exemplo de perseveran\u00e7a, dedica\u00e7\u00e3o e inspira\u00e7\u00e3o, Crystian foi homenageado no \u00faltimo dia 22 de agosto de 2025 por todas essas conquistas, no evento alusivo aos 50 anos da Associa\u00e7\u00e3o Nacional de Desporto para Deficientes (ANDE) e aos 30 anos do Comit\u00ea Paral\u00edmpico Brasileiro (CPB), desfilando entre grandes nomes do paradesporto nacional, motivo de orgulho para Uni\u00e3o da Vit\u00f3ria e para o Programa Paral\u00edmpico.<br /><br /> A Mo\u00e7\u00e3o de Pesar foi apresentada pelo falecimento da Sra. Rosicler Menegat Martinuv.<br /><br /> Fizeram uso da Palavra Livre os vereadores: Alem\u00e3o da Agropecu\u00e1ria, Cleonice Moller, Cordovan Neto, Marco Borracha, Marcio Utzig e Anderson Cardoso.<br /> Entre os assuntos mais comentados, os ajustes no contrato da Lei do Estar foram destacados. O vereador Marco Borracha lembrou as reuni\u00f5es da C\u00e2mara Municipal para elabora\u00e7\u00e3o da Lei, que ampliava o tempo de cortesia, concedia benef\u00edcios a deficientes e idosos, regulava valores em determinados per\u00edodos e mantinha o ticket impresso. Segundo ele, o contrato assinado pelo Executivo n\u00e3o cumpriu a Lei aprovada por unanimidade na C\u00e2mara.<br /> Os vereadores compareceram \u00e0 Secretaria de Tr\u00e2nsito cobrando provid\u00eancias urgentes sobre o ticket impresso e, no mesmo dia, a empresa respons\u00e1vel pelo estacionamento rotativo foi notificada. O vereador Marcio Utzig tamb\u00e9m lembrou que o carro da empresa permanece multando e questionou: \u201cComo ficar\u00e3o as multas aplicadas neste per\u00edodo? Afinal, a f\u00e1brica de multas continua?\u201d.<br /><br /><br />Manoela de Paula e Souza<br />Assessora de Comunica\u00e7\u00e3o e Cerimonial<br />C\u00e2mara de Vereadores de Uni\u00e3o da Vit\u00f3ria</span></p>\r\n<p class=\"western\">\u00a0</p>", "author_name": "", "version": "1.0", "author_url": "https://www.uniaodavitoria.pr.leg.br/author/manoela", "provider_name": " ", "type": "rich"}