{"provider_url": "https://www.uniaodavitoria.pr.leg.br", "title": "26\u00aa SESS\u00c3O ORDIN\u00c1RIA", "html": "<p>As indica\u00e7\u00f5es partiram da iniciativa dos vereadores: Cordovan Neto (PSB), que solicitou a pavimenta\u00e7\u00e3o asf\u00e1ltica da Rua Curitiba, no bairro Ouro Verde, e da Rua Ferucio Presendo; Anderson Cardoso (PR), que pediu a instala\u00e7\u00e3o de um parque infantil no Loteamento Furlan, no bairro S\u00e3o Gabriel, e a cess\u00e3o de um terreno, com \u00e1rea m\u00ednima de 24 mil metros quadrados, destinado \u00e0 constru\u00e7\u00e3o da sede do Departamento Penitenci\u00e1rio \u2013 DEPEN; Pastora Josi (DC), que solicitou pavimenta\u00e7\u00e3o asf\u00e1ltica para a Rua Dois, que d\u00e1 acesso ao bairro Bela Vista; Evelin de Paula Dias (UNI\u00c3O), que pediu melhorias para a Rua Mauro de Oliveira Cavalin, no bairro S\u00e3o Sebasti\u00e3o; Waldir Luiz Cortellini (UNI\u00c3O), que solicitou mecanismos para a redu\u00e7\u00e3o de velocidade na entrada do Distrito de S\u00e3o Domingos; e Ricardo Adriano Sass (PL), que requisitou emenda parlamentar para a constru\u00e7\u00e3o de um refeit\u00f3rio na Escola Municipal Maridalva Palamar, no bairro S\u00e3o Braz, al\u00e9m da inclus\u00e3o da Rua das Palmas, no Jardim Roseira, no Programa de Pavimenta\u00e7\u00e3o Asf\u00e1ltica. J\u00e1 o vereador Joarez Tica (DC) solicitou uma nova unidade do Centro de Refer\u00eancia de Assist\u00eancia Social (CRAS) no bairro Nossa Senhora da Salete, enquanto Alem\u00e3o da Agropecu\u00e1ria (PL) pediu a implanta\u00e7\u00e3o de uma lombada na Rua Manoel Silveira Delboux.</p>\r\n<p>A Tribuna foi utilizada pela vereadora Pastora Josi (DC) e pelo vereador Cordovan Neto (PSB). Pastora Josi falou a respeito do projeto desenvolvido pela Secretaria de Educa\u00e7\u00e3o Municipal que, por meio de t\u00e9cnicas sensoriais com objetos reciclados, estimula os alunos de forma educativa e l\u00fadica, beneficiando principalmente as crian\u00e7as do espectro autista, ao favorecer o desenvolvimento cognitivo, proporcionar conforto, estimular o racioc\u00ednio e melhorar o aprendizado. O vereador Cordovan Neto abordou o investimento que ser\u00e1 realizado no Est\u00e1dio Antiocho Pereira, especificamente na \u00e1rea de ilumina\u00e7\u00e3o, que ser\u00e1 reformulada por meio de esfor\u00e7os junto ao Governo do Estado. Segundo ele, a instala\u00e7\u00e3o come\u00e7ar\u00e1 nas pr\u00f3ximas semanas. Trata-se de um investimento pr\u00f3ximo de R$ 358 mil em ilumina\u00e7\u00e3o no Est\u00e1dio Antiocho Pereira, valor este n\u00e3o incluso nas obras da IP Foco, que v\u00eam sendo executadas no Munic\u00edpio.</p>\r\n<p>O Tribunal de Contas do Estado do Paran\u00e1, por meio do Parecer Pr\u00e9vio n\u00ba 88/2025, concluiu pela regularidade das contas do exerc\u00edcio de 2023, sem apontamentos de irregularidade material. O Minist\u00e9rio P\u00fablico de Contas acompanhou a unidade t\u00e9cnica e manifestou-se favoravelmente \u00e0 emiss\u00e3o de parecer pr\u00e9vio pela regularidade, recomendando apenas que a C\u00e2mara acompanhe com aten\u00e7\u00e3o as \u00e1reas com pontua\u00e7\u00e3o deficit\u00e1ria, especialmente Administra\u00e7\u00e3o Financeira, Previd\u00eancia Social e Transpar\u00eancia. A vota\u00e7\u00e3o, segundo o regimento da CMUV, ocorreu de forma nominal e verbal. Dois membros da CCJ, Borracha e Marcio Utzig, comentaram o parecer da Comiss\u00e3o, que foi favor\u00e1vel. Por unanimidade, foram aprovados o parecer e o Projeto de Decreto n\u00ba 2/2025, referente \u00e0s contas do Poder Executivo de Uni\u00e3o da Vit\u00f3ria, relativas ao exerc\u00edcio financeiro de 2023, do ent\u00e3o prefeito Bachir Abbas.</p>\r\n<p>A palavra livre foi utilizada pelos vereadores: Borracha, que falou a respeito do estacionamento rotativo, o qual recebeu melhorias reivindicadas pela C\u00e2mara de Vereadores; Marcio Utzig, que parabenizou a vereadora Pastora Josi pela explana\u00e7\u00e3o do projeto da Educa\u00e7\u00e3o que beneficia principalmente os alunos do espectro autista, lan\u00e7ando a ideia de que o projeto seja ampliado para outras \u00e1reas do munic\u00edpio; e o vereador e presidente da Casa, Anderson Cardoso, que comentou sobre suas proposi\u00e7\u00f5es.</p>\r\n<p>Manoela de Paula e Souza<br />Assessora de Comunica\u00e7\u00e3o e Cerimonial <br />C\u00e2mara de Vereadores de Uni\u00e3o da Vit\u00f3ria</p>", "author_name": "", "version": "1.0", "author_url": "https://www.uniaodavitoria.pr.leg.br/author/manoela", "provider_name": " ", "type": "rich"}