{"provider_url": "https://www.uniaodavitoria.pr.leg.br", "title": "25\u00aa SESS\u00c3O ORDIN\u00c1RIA", "html": "<p>Entre as indica\u00e7\u00f5es, em sua grande maioria na \u00e1rea de urbanismo, foram tr\u00eas solicita\u00e7\u00f5es de pavimenta\u00e7\u00e3o asf\u00e1ltica, duas de instala\u00e7\u00f5es de lombada, conserto de tubo, limpeza de valetas e ilumina\u00e7\u00e3o p\u00fablica. O vereador Anderson Cardoso (PR) solicitou implanta\u00e7\u00e3o de parque infantil no Jardim Ang\u00e9lica, no bairro S\u00e3o Gabriel e apoio \u00e0 Escola Didi Augusto no bairro Limeira e Joarez Tica (DC) solicitou limpeza no entorno do CMEI Isadir Teresinha Barcelos do Amaral.</p>\r\n<p>A Tribuna Popular foi utilizada pelo Professor Alcemar Rodrigues Martello que falou a respeito do vestibular da UNESPAR, as inscri\u00e7\u00f5es est\u00e3o abertas at\u00e9 dia 14 de outubro, para insen\u00e7\u00e3o de pagamento da taxa de inscri\u00e7\u00e3o pode ser solicitado para candidatos inscritos no Cad\u00danico, Doadores de sangue ou de medula \u00f3ssea e Servidores da Unespar que n\u00e3o conclu\u00edram curso superior. O pedido de isen\u00e7\u00e3o deve ser solicitado at\u00e9 15/09/2025. A solicita\u00e7\u00e3o deve ser feita atrav\u00e9s do edital onde consta a lista completa de documentos e crit\u00e9rios. Mais informa\u00e7\u00f5es: Edital 061/2025, dispon\u00edvel em vestibular.unespar.edu.br</p>\r\n<p>O Presidente da Casa, vereador Anderson Cardoso, utilizou a Tribuna falando a respeito do Projeto Salva Vidas, Projeto este que encabe\u00e7ou e participou na semana anterior visitando com a equipe as Escolas Didio Augusto, Glaucia Judite Goes, Lina Forte e C\u00edvico Militar e Bernardina. O objetivo do projeto \u00e9 a valoriza\u00e7\u00e3o da vida, da sa\u00fade mental e do fortalecimento social de crian\u00e7as, jovens e adolescentes. Criado em 2019 o Projeto Salva Vidas nas escolas tem como miss\u00e3o promover o bem-estar emocional, psicol\u00f3gico e social dos estudantes, prevenindo situa\u00e7\u00f5es de risco como suic\u00eddio, automutila\u00e7\u00e3o e outros comportamentos prejudiciais. Por meio de palestras, dan\u00e7a, teatro, m\u00fasica, assist\u00eancia social e aconselhamento, o projeto tem inspirado prop\u00f3sito e esperan\u00e7a a milhares de vidas, s\u00e3o mais de 10 mil alunos atendidos no pa\u00eds. O vereador tamb\u00e9m prop\u00f4s a mo\u00e7\u00e3o de aplausos ao Projeto, acolhida por todos os vereadores.\u00a0</p>\r\n<p>Foi apresentado o Projeto de Lei para conceder o t\u00edtulo de Cidad\u00e3o Benem\u00e9rito ao Sr. Dago Whoel, com assinatura principal do vereador Cordovan Neto onde todos os vereadores fizeram quest\u00e3o de participar e assinaram juntos. A inten\u00e7\u00e3o j\u00e1 existia desde a legislatura anterior, por\u00e9m devido ao estado de sa\u00fade de Dago, os membros decidiram aguardar por sua melhora, o que infelizmente n\u00e3o aconteceu e veio a falecer em 2023. Em reuni\u00e3o interna os vereadores decidiram em comum acordo pelo parecer favor\u00e1vel da CCJ ao Projeto de Lei Ordin\u00e1ria n\u00ba 24/2025: QUE CONCEDE O T\u00cdTULO DE CIDAD\u00c3O BENEM\u00c9RITO DO MUNIC\u00cdPIO DE UNI\u00c3O DA VIT\u00d3RIA AO SR. DAGO ALFREDO WOEHL (IN MEMORIAM). \" Reconhecendo a relev\u00e2ncia do homenageado para o desenvolvimento de Uni\u00e3o da Vit\u00f3ria e o fato de n\u00e3o ter sido poss\u00edvel realizar a homenagem em vida, sendo aprovado em unanimidade em turno \u00fanico\". A Sra. Joana Przysiezny, vi\u00fava de Dago e a filha Andressa Woehl acompanharam presencialmente a aprova\u00e7\u00e3o do Projeto com emo\u00e7\u00e3o. Posteriormente ser\u00e1 marcada a data da Sess\u00e3o Solene para realiza\u00e7\u00e3o da outorga do t\u00edtulo de Cidad\u00e3o Benem\u00e9rito ao Dago, como uma homenagem p\u00f3stuma. A data para aprova\u00e7\u00e3o do Projeto de Lei n\u00e3o foi por acaso, neste dia 19 de agosto, Dago completaria 75 anos. Jornalista, vision\u00e1rio, empres\u00e1rio, professor, membro da ALVI onde ocupou a cadeira n. 29, estudioso e conhecedor do Rio Igua\u00e7u. Fundador e presidente por muitos anos da SEC CORPRERI, tinha o sonho e objetivo incans\u00e1vel de solucionar e diminuir os impactos da enchente do Rio Igua\u00e7u na cidade, o que estudou por mais de 30 anos. Incentivador da hist\u00f3ria e da cultura, \u00eddolo das crian\u00e7as que conheciam o Parque Hist\u00f3rico Igua\u00e7u, o que fundou com tanto amor, carinho e onde permanece vivo: no cantar dos p\u00e1ssaros, no sopro do vento, na oca com a hist\u00f3ria dos \u00edndios, nas \u00e1guas que passam no rio e na mem\u00f3ria de tantas crian\u00e7as e adultos que tamb\u00e9m se tornavam crian\u00e7as, ouvindo as hist\u00f3rias do Capit\u00e3o Dago.</p>\r\n<p>Em 2\u00aa discuss\u00e3o e vota\u00e7\u00e3o do Projeto de Lei Ordin\u00e1ria n\u00ba 18/2025 que disp\u00f5es sobre a organiza\u00e7\u00e3o e o funcionamento das feiras livres em Uni\u00e3o da Vit\u00f3ria.</p>\r\n<p>Os requerimentos dos vereadores foram para quatro tr\u00eas pavimenta\u00e7\u00f5es asf\u00e1lticas em vias dos Bairros e uma solicita\u00e7\u00e3o de vaga de estacionamento r\u00e1pido. A vereadora Protetora Guga (UNI\u00c3O) solicitou documenta\u00e7\u00e3o detalhada \u00e0 Defesa Animal; Anderson Cripa Luis Cardoso (PR) solicitou reforma geral no CMEI Herbert Prescelliano Woehl, no bairro Limeira. Pires Filho (PP) solicitou servi\u00e7o urgente de tapa-buraco na Avenida Bento Munhoz da Rocha Neto.</p>\r\n<p>A palavra livre foi utilizada pelos vereadores Alem\u00e3o da Agropecu\u00e1ria, Borracha que falou sobre a pintura das faixas de ruas que v\u00eam sendo realizadas atrav\u00e9s de uma empresa contratada de fora, onde foi pago mais de 500 mil reais, o l\u00edder do governo, Cordovan Neto justificou que j\u00e1 entrou em contato com o secret\u00e1rio de tr\u00e2nsito que responsabilizou a qualidade ruim da pintura em virtude da m\u00e1 qualidade do asfalto. Marcio Utzig refor\u00e7ou a import\u00e2ncia do tema da preven\u00e7\u00e3o do suic\u00eddio. Guga, Sass, Cordovan e Anderson tamb\u00e9m fizeram uso da palavra livre conduzindo-se aos visitantes no plen\u00e1rio.</p>\r\n<p>Manoela de Paula e Souza<br /> Assessora de Comunica\u00e7\u00e3o e Cerimonial<br /> C\u00e2mara de Vereadores de Uni\u00e3o da Vit\u00f3ria</p>", "author_name": "", "version": "1.0", "author_url": "https://www.uniaodavitoria.pr.leg.br/author/manoela", "provider_name": " ", "type": "rich"}