{"provider_url": "https://www.uniaodavitoria.pr.leg.br", "title": "23\u00aa  SESS\u00c3O ORDIN\u00c1RIA", "html": "<p class=\"western\">As indica\u00e7\u00f5es dos vereadores foram em sua grande maioria destinadas \u00e0 \u00e1rea urbana como recupera\u00e7\u00e3o, manuten\u00e7\u00e3o e adequa\u00e7\u00e3o de vias e pavimenta\u00e7\u00e3o asf\u00e1ltica. O vereador Anderson Cardoso solicitou melhorias no CEMEI Zila Fernandes Luiz; Waldir Cortellini pediu melhorias na entrada do Bairro Rio Vermelho e na rotat\u00f3ria que d\u00e1 acesso a Ponte Jos\u00e9 Richa a fim de diminuir o congestionamento; Thays Bieberbach (PT) solicitou que, conforme a Lei 4939, de 15 de julho de 2021, aconte\u00e7a a distribui\u00e7\u00e3o de materiais de constru\u00e7\u00e3o e sanit\u00e1rios para reforma e recupera\u00e7\u00e3o de moradias \u00e0s fam\u00edlias de baixa renda e o vereador Marcio Fernando Utzig (PSD) pediu para que sejam planejadas a\u00e7\u00f5es para coibir, evitar e ou diminuir a incid\u00eancia de furtos de fios de cobres da rede el\u00e9trica de Propriedades no Interior do Munic\u00edpio.</p>\r\n<p class=\"western\">A Tribuna foi utilizada pelos vereadores Pastora Josi e Marcio Utzig. Pastora Josi discorreu sobre o agosto Laranja, que tem o objetivo de reduzir a incid\u00eancia de defici\u00eancias tanto no nascimento quanto ao longo da vida e a Semana Nacional da Pessoa com Defici\u00eancia Intelectual e M\u00faltipla, que tem como tema \"Defici\u00eancia n\u00e3o define. Oportunidade transforma. Inclua nossa voz!\". A vereadora lembrou o quanto os cuidados podem reduzir a incid\u00eancia de defici\u00eancias tanto no nascimento quanto ao longo da vida e a import\u00e2ncia da identifica\u00e7\u00e3o precoce com apoio e cuidados necess\u00e1rios, a necessidade de preven\u00e7\u00e3o e conscientiza\u00e7\u00e3o constantes n\u00e3o somente no m\u00eas de agosto, mas durante todo o ano, pois a semana, segundo a vereadora deve ser mais do que um momento simb\u00f3lico, mas a chamada a reflex\u00e3o. O vereador Marcio Utzig discorreu sobre demandas solicitadas e atendidas pelo l\u00edder do governo do Estado no Bairro S\u00e3o Gabriel direcionada a educa\u00e7\u00e3o.</p>\r\n<p class=\"western\">Foram aprovados em 1\u00aa discuss\u00e3o por unanimidade os Projetos de Lei:</p>\r\n<p class=\"western\">- De autoria do Legislativo:</p>\r\n<ul>\r\n<li>\r\n<p class=\"western\">N\u00ba 19/2025 que institui em Uni\u00e3o da Vit\u00f3ria o \"Dia da Esta\u00e7\u00e3o Ferrovi\u00e1ria de Uni\u00e3o da Vit\u00f3ria\" a ser comemorado anualmente em 15 de novembro;</p>\r\n</li>\r\n<li>\r\n<p class=\"western\">N\u00ba 22/2025 que instiuti a aplica\u00e7\u00e3o do instrumento M-Chat para rastreamento precoce de sinais de transtorno do espectro autista (TEA) nas unidades de sa\u00fade p\u00fablicas e privadas no Munic\u00edpio de Uni\u00e3o da Vit\u00f3ria.</p>\r\n<p class=\"western\">- De autoria do Executivo:</p>\r\n</li>\r\n<li>\r\n<p class=\"western\">N\u00ba 13/2025 que disp\u00f5e sobre a redu\u00e7\u00e3o da jornada de trabalho semanal da categoria funcional de assistente social em Uni\u00e3o da Vit\u00f3ria e estabellece outras provid\u00eancias;</p>\r\n</li>\r\n<li>\r\n<p class=\"western\">N\u00ba 20/2025: que disp\u00f5e sobre a cria\u00e7\u00e3o da Diretoria Municipal de Pol\u00edticas P\u00fablicas para as Mulheres, e d\u00e1 outras provid\u00eancias.</p>\r\n</li>\r\n</ul>\r\n<p class=\"western\">Os requerimentos acolhidos pelos vereadores foram para realiza\u00e7\u00e3o de drenagem pluvial e corre\u00e7\u00e3o estrutural no bairro Limeira. O vereador Cordovan Neto solicitou informa\u00e7\u00f5es a respeito da interrup\u00e7\u00e3o da constru\u00e7\u00e3o da nova estrutura da Escola Municipal Hilda Melo; Thays Bieberbach (PT) solicitou para que a Copel seja notificada sobre a interup\u00e7\u00e3o frequente de energia no Bairro Muzzolon e o vereador Marcio Fernando Utzig (PSD) solicita avalia\u00e7\u00e3o de possibilidade para professores municipais realizarem 50% de sua hora atividade no ambiente domiciliar.</p>\r\n<p class=\"western\">Foram acolhidas mo\u00e7\u00f5es de pesar pelo falecimento da Sra. Marcela Maria Pimp\u00e3o Lell, ocorrido no dia 25 de julho de 2025, aos 32 anos de idade e do advogado H\u00e9lio Bueno Camargo, ocorrido no dia 18 de julho de 2025 aos 86 anos de idade. As mo\u00e7\u00f5es de aplausos foram de iniciativa dos Vereadores Cordovan Frederico de Melo Neto (PSB), Alem\u00e3o da Agropecu\u00e1ria (PL) e Joarez Tica (DC) aos atletas Fl\u00e1via Brito, Paula dos Santos e Eduardo dos Santos, que representaram com destaque o munic\u00edpio de Uni\u00e3o da Vit\u00f3ria no Campeonato Brasileiro de Downhill 2025, realizado no Morro Ferrabraz, em Sapiranga no Estado do Rio Grande do Sul e dos vereadores Anderson Cardoso (PR) e Alem\u00e3o da Agro (PL) \u00e0 jovem Isabella Ruby, em reconhecimento ao seu brilhante desempenho e \u00e0s vit\u00f3rias conquistadas na modalidade esportiva R\u00e9deas, consagrando-se Campe\u00e3 Paranaense de R\u00e9deas de 2025 em sua categoria.</p>\r\n<p class=\"western\">A palavra livre foi utilizada pelos vereadores Cordovan Neto, Waldir Cortellini, Pastora Josi, Marcio Utzig e Anderson Cardoso. Ao final da Sess\u00e3o o Presidente, vereador Anderson Cardoso agradeceu a presen\u00e7a de entidades e personalidades presentes, que trabalham com pessoas com defici\u00eancia e pretigiaram a Sess\u00e3o alusiva ao agosto laranja.</p>\r\n<p class=\"western\">\u00a0</p>\r\n<p class=\"western\">Manoela de Paula e Souza<br />Assessora de Comunica\u00e7\u00e3o e Cerimonial<br />C\u00e3mara de Vereadores de Uni\u00e3o da Vit\u00f3ria</p>\r\n<p class=\"western\">\u00a0</p>", "author_name": "", "version": "1.0", "author_url": "https://www.uniaodavitoria.pr.leg.br/author/manoela", "provider_name": " ", "type": "rich"}