{"provider_url": "https://www.uniaodavitoria.pr.leg.br", "title": "\t22\u00aa SESS\u00c3O ORDIN\u00c1RIA", "html": "<p class=\"western\"><span>As Indica\u00e7\u00f5es ficaram por conta dos vereadores: Waldir Luiz Cortellini (UNI\u00c3O) que solicitou a implanta\u00e7\u00e3o de estacionamento em via do bairro S\u00e3o Sebasti\u00e3o; Pastora Josi (DC) que fez solicita\u00e7\u00e3o de pavimenta\u00e7\u00e3o asf\u00e1ltica e cal\u00e7adas; o vereador J\u00falio Adilson Pires Filho (PP) tamb\u00e9m solicitou pavimenta\u00e7\u00e3o asf\u00e1ltica e ainda abertura de via nos fundos do T\u00falio de Fran\u00e7a. A vereadora Thays Bieberbach (PT) pediu manuten\u00e7\u00e3o de via do Bairro S\u00e3o Braz, a vereadora Evelin M. T. de Paula Dias (UNI\u00c3O) indicou a necessidade de reparos em via S\u00e3o Braz e o vereador Anderson Cripa Luis Cardoso (PR) a implanta\u00e7\u00e3o de um elevador tipo funicular no Morro do Cristo.</span></p>\r\n<p class=\"western\"><span> Foram aprovados por unanimidade em vota\u00e7\u00e3o \u00fanica os Projetos de Lei Ordin\u00e1ria:</span></p>\r\n<ul>\r\n<ul>\r\n<li>\r\n<p class=\"western\"><span>n\u00ba 17/2025 Vota\u00e7\u00e3o \u00danica do Projeto de Lei Ordin\u00e1ria n\u00ba 17/2025 que altera a Lei Municipal n\u00ba 4890/2020, de 17 de setembro de 2020;</span></p>\r\n</li>\r\n</ul>\r\n</ul>\r\n<ul>\r\n<ul>\r\n<li>\r\n<p class=\"western\"><span>n\u00ba 21/2025: Autoriza o Executivo Municipal a abrir cr\u00e9dito adicional especial no or\u00e7amento da Funda\u00e7\u00e3o Municipal Centro Universit\u00e1rio da Cidade de Uni\u00e3o da Vitoria - UNIUV, no exerc\u00edcio financeiro de 2025, com recursos de anula\u00e7\u00e3o;</span></p>\r\n</li>\r\n<li>\r\n<p class=\"western\"><span>n\u00ba 22/2025: Autoriza a doa\u00e7\u00e3o de bens m\u00f3veis a entidades sem fins lucrativos e d\u00e1 outras provid\u00eancias.</span></p>\r\n</li>\r\n</ul>\r\n</ul>\r\n<p class=\"western\"><span> Os requerimentos foram de iniciativa dos vereadores: Ricardo Adriano Sass (PL) e J\u00falio Adilson Pires Filho (PP) para que parte do material retirado durante a execu\u00e7\u00e3o da obra de revitaliza\u00e7\u00e3o da Avenida Bento Munhoz seja destinado para a eleva\u00e7\u00e3o do leito da Rua 4-a. A vereadora Thays Bieberbach (PT) pediu fiscaliza\u00e7\u00e3o na empresa respons\u00e1vel pela retirada de Pinus na regi\u00e3o do Panorama; Evelin M. T. de Paula Dias (UNI\u00c3O) e Anderson Cripa Luis Cardoso (PR) requereram provid\u00eancias na solu\u00e7\u00e3o de drenagem da \u00e1gua da chuva em via do bairro Sagrada Fam\u00edlia. O vereador Marcio Fernando Utzig (PSD) solicitou para que seja retornado \u00e0 aplica\u00e7\u00e3o da lei ordin\u00e1ria n\u00famero 4327 de 2013, que autoriza o Poder Executivo Municipal a criar o Fundo Rotativo em Estabelecimentos de Ensinos Municipais.</span></p>\r\n<p class=\"western\"><span> Em seguida foram aprovados por unanimidade em vota\u00e7\u00e3o \u00fanica:</span></p>\r\n<p class=\"western\"><span> 4\u00aa Sess\u00e3o Extraordin\u00e1ria:</span></p>\r\n<ul>\r\n<ul>\r\n<li>\r\n<p class=\"western\"><span>Emenda n\u00ba 1 do Projeto de Lei Ordin\u00e1ria n\u00ba 9/2025 que altera o \u00a71\u00ba do art. 39 do Projeto de Lei Ordin\u00e1ria de n.\u00ba9/2025;</span></p>\r\n</li>\r\n<li>\r\n<p class=\"western\"><span>Emenda n\u00ba 2 do Projeto de Lei Ordin\u00e1ria n\u00ba 9/2025 que inclui especifica\u00e7\u00e3o na Secretaria Municipal de Cultura;</span></p>\r\n</li>\r\n<li>\r\n<p class=\"western\"><span>Emenda n\u00ba 3 do Projeto de Lei Ordin\u00e1ria n\u00ba 9/2025: Emenda Aditiva \u00e0 LDO - Educa\u00e7\u00e3o para a Causa Animal e Sustentabilidade;</span></p>\r\n</li>\r\n<li>\r\n<p class=\"western\"><span>Emenda n\u00ba 5 do Projeto de Lei Ordin\u00e1ria n\u00ba 9/2025: Inclui item nas principais Metas da Secretaria Mun. Agric. Pecu\u00e1ria e Abastecimento </span></p>\r\n</li>\r\n<li>\r\n<p class=\"western\"><span>Emenda n\u00ba 6 do Projeto de Lei Ordin\u00e1ria n\u00ba 9/2025: Insere e modifica metas do projeto 9/2025;</span></p>\r\n</li>\r\n</ul>\r\n</ul>\r\n<ul>\r\n<ul>\r\n<li>\r\n<p class=\"western\"><span>Em 1\u00aa discuss\u00e3o: Projeto de Lei Ordin\u00e1ria n\u00ba 9/2025 que disp\u00f5e sobre as diretrizes para elabora\u00e7\u00e3o da Lei Or\u00e7ament\u00e1ria para o exerc\u00edcio de 2026;</span></p>\r\n</li>\r\n</ul>\r\n</ul>\r\n<p class=\"western\"><span> 5\u00aa Sess\u00e3o Extraordin\u00e1ria:</span></p>\r\n<ul>\r\n<ul>\r\n<li>\r\n<p class=\"western\"><span>Em 2\u00aa discuss\u00e3o: Projeto de Lei Ordin\u00e1ria n\u00ba 9/2025 que disp\u00f5es sobre as diretrizes para elabora\u00e7\u00e3o da Lei Or\u00e7ament\u00e1ria para o exerc\u00edcio de 2026;</span></p>\r\n</li>\r\n</ul>\r\n</ul>\r\n<p class=\"western\">\u00a0</p>\r\n<p class=\"western\">\u00a0</p>\r\n<p class=\"western\"><span> Manoela de Paula e Souza<br /></span>Assessora de Comunica\u00e7\u00e3o e Cerimonial<br />C\u00e2mara de Uni\u00e3o da Vit\u00f3ria</p>\r\n<p class=\"western\">\u00a0</p>", "author_name": "", "version": "1.0", "author_url": "https://www.uniaodavitoria.pr.leg.br/author/manoela", "provider_name": " ", "type": "rich"}