{"provider_url": "https://www.uniaodavitoria.pr.leg.br", "title": "21\u00aa SESS\u00c3O ORDIN\u00c1RIA ", "html": "<p class=\"western\"><span>As indica\u00e7\u00f5es ficaram por conta dos vereadores: Pastora Josi (DC) que solicitou manuten\u00e7\u00e3o da ilumina\u00e7\u00e3o p\u00fablica em via do bairro Rio D'Areia e pavimenta\u00e7\u00e3o asf\u00e1ltica da Rua Serafim Schaeffer, no bairro Ponte Nova. J\u00falio Adilson Pires Filho (PP) solicitou pavimenta\u00e7\u00e3o asf\u00e1ltica na Rua Nossa Senhora do Rocio e na Rua Jo\u00e3o Leonardi no bairro Bom Jesus. Marcio Fernando Utzig (PSD) indicou a necessidade de pintura de faixas na Rua Padre Ant\u00f4nio Saporit; Marcio Fernando Utzig (PSD) reparos no rel\u00f3gio da Esta\u00e7\u00e3o Ferrovi\u00e1ria, j\u00e1 a Vereadora Protetora Guga (UNI\u00c3O) solicitou vaga de parada r\u00e1pida em via no centro de Uni\u00e3o da Vit\u00f3ria. Anderson Cripa Luis Cardoso (PR) instala\u00e7\u00e3o de um chimarr\u00f3dromo em pra\u00e7as ou demais espa\u00e7os p\u00fablicos e juntamente aos vereadores Alem\u00e3o da Agropecu\u00e1ria (PL) e Waldir Luiz Cortellini (UNI\u00c3O) solicitaram a municipaliza\u00e7\u00e3o do trecho da Avenida Paula Freitas que atualmente pertence ao Estado do Paran\u00e1. O vereador Alem\u00e3o da Agropecu\u00e1ria (PL) pediu instala\u00e7\u00e3o de lombada em altura da Rua Wilkys Correia no bairro Sagrada Fam\u00edlia.</span></p>\r\n<p class=\"western\"><span> A Tribuna Popular foi utilizada pelo Sr. Elisson Bruno Becker acad\u00eamico da UNESPAR. Segundo ele, pronunciou-se representando os acad\u00eamicos a respeito da incorpora\u00e7\u00e3o da UNIUV pela UNESPAR. O acad\u00eamico comentou sobre o aumento de cursos ofertados pela UNIUV o que acabar\u00e1 contriibuindo no retrocesso da fus\u00e3o. Segundo o palestrante a fus\u00e3o ser\u00e1 ben\u00e9fica para a UNESPAR que al\u00e9m de ter, segundo ele, a divis\u00e3o de espa\u00e7o com outras institui\u00e7\u00f5es que tem integrantes de faixas et\u00e1rias diferentes que requerem tratamentos diferenciados, tamb\u00e9m enfrenta diversos problemas estruturais. J\u00e1 os alunos da UNIUV, segundo o acad\u00eamico palestrante esperam a fus\u00e3o com a expectativa da responsabilidade do Estado, sem custo ao aluno. Elisson pediu a colabora\u00e7\u00e3o dos poderes legislativo e executivo para o fato. </span></p>\r\n<p class=\"western\"><span> A vereadora Pastora Josi usou a Tribuna discorrendo a respeito de suas proposi\u00e7\u00f5es, em especial o Projeto de Lei que institui a aplica\u00e7\u00e3o do instrumento M-CHAT, com objetivo de rastreamento precoce de sinais do transtorno do espectro autista (TEA). O vereador Ricardo Adriano Sass (PL) usou a Tribuna para falar a respeito dos servi\u00e7os prestados pela SANEPAR, que segundo ele s\u00e3o repudiantes. O vereador citou obras n\u00e3o terminadas onde as responsabiidades s\u00e3o tranferidas \u00e0s empresas terceirizadas pela pr\u00f3pria empresa. O vereador mostrou ainda dois v\u00eddeos de moradores de bairros distintos onde a SANEPAR cobra o valor pertinente de servi\u00e7o por\u00e9m n\u00e3o presta o mesmo, \u00e1gua de esgoto aberta sem tratamento, com vazamento na via p\u00fablica, dejetos de esgoto espalhados em c\u00e9u aberto e segundo o vereador, despejado no Rio Igua\u00e7u sem canaliza\u00e7\u00e3o ou tratamento. </span></p>\r\n<p class=\"western\"><span> Foi aprovado em unanimidade em 2\u00aa discuss\u00e3o o Projeto de Lei 17/2025 que disp\u00f5e sobre obrigatoriedade de instala\u00e7\u00e3o de sistema de monitoramento por c\u00e2meras de seguran\u00e7a em bens p\u00fablicos municipais a serem constru\u00eddos ou reformados.</span></p>\r\n<p class=\"western\"><span> Os requerimentos foram de iniciativa dos vereadores: Anderson Cripa Luis Cardoso (PR) para cria\u00e7\u00e3o de cargo de diretor de sa\u00fade bucal na secretaria de sa\u00fade; Ricardo Adriano Sass (PL), Joarez Tica (DC) e J\u00falio Adilson Pires Filho (PP) para que, atrav\u00e9s da Secretaria Municipal de Meio Ambiente, oficie a Companhia de Saneamento do Paran\u00e1, SANEPAR, solicitando provid\u00eancias imediatas quanto ao problema de retorno de esgoto nas vias p\u00fablicas do munic\u00edpio. Joarez Tica (DC), Pires Filho (PP) e Ricardo Sass (PL) para que, ap\u00f3s a substitui\u00e7\u00e3o das lumin\u00e1rias convencionais pelas de LED, os materiais met\u00e1licos retirados sejam imediatamente recolhidos e destinados \u00e0 venda para reciclagem, evitando o ac\u00famulo de inserv\u00edveis nos p\u00e1tios municipais. Pires Filho (PP) solicitou a viabiliza\u00e7\u00e3o de recurso destinado \u00e0 pavimenta\u00e7\u00e3o asf\u00e1ltica da Rua Nossa Senhora do Rocio; Marcio Utzig (PSD) e Thays Bieberbach (PT) solicitam resposta do executivo Municipal sobre a redu\u00e7\u00e3o da jornada de trabalho dos assistentes sociais; Protetora Guga (UNI\u00c3O) pede provid\u00eancias de prote\u00e7\u00e3o do c\u00e3o comunit\u00e1rio; Alem\u00e3o da Agropecu\u00e1ria (PL) pavimenta\u00e7\u00e3o asf\u00e1ltica em via do Bairro Panorama. </span></p>\r\n<p class=\"western\"><span> A Mo\u00e7\u00e3o de pesar foi pelo falecimento da professora Sr.\u00aa Tha\u00edsa Estev\u00e3o Riesemberg, ocorrido no dia 03 de julho de 2025. </span></p>\r\n<p class=\"western\"><span> Os vereadores que fizeram uso da palavra livre foram Alem\u00e3o da Agropecu\u00e1ria, Pastora Josi, Thays Bieberbach, Marcio Utzig, Vereadora Guga que falou a respeito da coleta seletiva que necessita de organiza\u00e7\u00e3o e cumprimento da lei, Waldir Cortellini e Anderson Cardoso. O assunto mais comentado pelos EDIS al\u00e9m de suas pr\u00f3prias proposi\u00e7\u00f5es foi a situa\u00e7\u00e3o da SANEPAR e a fus\u00e3o da UNIUV e UNESPAR, onde os vereadores colocaram-se a disposi\u00e7\u00e3o para colaborar no que for poss\u00edvel.</span></p>\r\n<p class=\"western\">\u00a0</p>\r\n<p class=\"western\"><span> Manoela de Paula e Souza<br /></span>Assessora de Comunica\u00e7\u00e3o e Cerimonial<br />C\u00e2mara de Vereadores de Uni\u00e3o da Vit\u00f3ria</p>", "author_name": "", "version": "1.0", "author_url": "https://www.uniaodavitoria.pr.leg.br/author/manoela", "provider_name": " ", "type": "rich"}