{"provider_url": "https://www.uniaodavitoria.pr.leg.br", "title": "20\u00aa SESS\u00c3O ORDIN\u00c1RIA ", "html": "<p class=\"western\"><span><span>As Indica\u00e7\u00f5es foram de iniciativa dos vereadores: Anderson Cripa Luis Cardoso (PR) que solicitou ilumina\u00e7\u00e3o p\u00fablica completa na Rua Laranjeiras do Sul; Ricardo Adriano Sass (PL) solicitou pavimenta\u00e7\u00e3o asf\u00e1ltica em frente ao Centro Comunit\u00e1rio no bairro Bom Jesus; Anderson Cripa Luis Cardoso (PR) e Pastora Josi (DC) instala\u00e7\u00e3o de uma pra\u00e7a completa no Bairro Bela Vista; J\u00falio Adilson Pires Filho (PP) solicitou postes com lumin\u00e1rias p\u00fablicas para o Loteamento Ang\u00e9lica no Bairro S\u00e3o Gabriel e solicitou pavimenta\u00e7\u00e3o asf\u00e1ltica em via do bairro S\u00e3o Bas\u00edlio Magno; Marcio Fernando Utzig (PSD) manuten\u00e7\u00e3o de via no Bairro Bom Jesus e reforma da Capela Mortu\u00e1ria do bairro Jo\u00e3o Paulo II; Thays Bieberbach (PT) para que sejam elaborados e distribu\u00eddos materiais impressos com informa\u00e7\u00f5es sobre a preven\u00e7\u00e3o da viol\u00eancia contra a pessoa idosa assim como meios de den\u00fancia; Alem\u00e3o da Agropecu\u00e1ria (PL) pintura vi\u00e1ria e a instala\u00e7\u00e3o de sinaliza\u00e7\u00e3o vertical e horizontal na Rua Herm\u00ednio Millis, localizada no bairro Nossa Senhora da Salete e vaga de estacionamento exclusiva para pessoas com defici\u00eancia em altura da Avenida Abilon de Souza Naves.</span></span></p>\r\n<p class=\"western\"><span><span> Foi aprovado por unanimidade em 1\u00aa discuss\u00e3o o Projeto de Lei Ordin\u00e1ria n\u00ba 17/2025 que disp\u00f5e sobre obrigatoriedade da instala\u00e7\u00e3o de sistema de monitoramento por c\u00e2meras de seguran\u00e7a em bens p\u00fablicos municipais a serem constru\u00eddos ou reformados. </span></span></p>\r\n<p class=\"western\"><span><span> Os requerimentos foram de iniciativa dos vereadores: Pastora Josi (DC) solicitou provid\u00eancias de drenagem em valeta do bairro S\u00e3o Braz, pr\u00f3ximo \u00e0 UFPR; Evelin M. T. de Paula Dias (UNI\u00c3O) solicitou implanta\u00e7\u00e3o de um regime de plant\u00e3o veterin\u00e1rio, envolvendo as profissionais vinculadas ao Setor de Prote\u00e7\u00e3o e Bem Estar Animal para atendimento emergencial; Marcio Fernando Utzig (PSD) requereu a altera\u00e7\u00e3o da Lei Complementar n\u00ba 36/2023, com o objetivo de permitir a permuta entre professores municipais que ainda estejam em est\u00e1gio probat\u00f3rio. A vereadora Thays Bieberbach (PT) solicitou implanta\u00e7\u00e3o do \u201cJunho Violeta\u201d no Calend\u00e1rio Oficial de Eventos do Munic\u00edpio de Uni\u00e3o da Vit\u00f3ria, como m\u00eas dedicado \u00e0 conscientiza\u00e7\u00e3o, preven\u00e7\u00e3o e combate \u00e0 viol\u00eancia contra a pessoa idosa; Alem\u00e3o da Agropecu\u00e1ria (PL) solicitou faixa elevada para travessia de pedestres no cruzamento da Rua Jos\u00e9 Rudnick com a Rua Le\u00e3o Bartoski e o Vereador Anderson Cripa Luis Cardoso (PR) que seja prestado aux\u00edlio \u00e0 Igreja Ucraniana do bairro S\u00e3o Bas\u00edlio Magno para a realiza\u00e7\u00e3o da limpeza do reservat\u00f3rio de \u00e1gua localizado em suas depend\u00eancias, de onde diversas pessoas da comunidade retiram \u00e1gua para consumo.</span></span></p>\r\n<p class=\"western\"><span><span> O Vereador Alem\u00e3o da Agropecu\u00e1ria (PL) prop\u00f4s a mo\u00e7\u00e3o de aplausos destinada \u00e0 Nicole Ruby e Mariana Mlenek pelas conquistas no esporte de r\u00e9deas e o vereador Cordovan Frederico de Melo Neto aos policiais militares integrantes da 2\u00aa Companhia do 3\u00aa Batalh\u00e3o de Pol\u00edcia Militar de Santa Catarina ao Sargento \u00c9der Skibinski Ferreira, Sargento Thiago Willian Eduardo da Silva, Cabo Mark Eriksson Meminai Reolon, Cabo Fernando Rodrigo Repukna, Cabo C\u00e9sar Augusto da Silva J\u00fanior, pelo ato de bravura, dedica\u00e7\u00e3o e profissionalismo demonstrados na tarde de 19 de junho de 2025, no Bairro Santa Rosa na Cidade de Porto Uni\u00e3o, atrav\u00e9s de uma a\u00e7\u00e3o r\u00e1pida e decisiva da Pol\u00edcia Militar de Santa Catarina (PMSC), que garantiu a seguran\u00e7a de um beb\u00ea de apenas 5 meses que ficou trancado dentro de um carro. </span></span></p>\r\n<p class=\"western\"><span><span> Os vereadores que fizeram uso da Palavra Livre foram Alem\u00e3o da Agropecu\u00e1ria, Cleonice Moller, Guga protetora, Ricardo Sass, Marcio Utzig, Pastora Josi, Cordovan Neto e Anderson Cardoso. </span></span></p>\r\n<p class=\"western\"><span><span> Entre as palavras dos vereadores, em sua grande maioria a respeito de suas pr\u00f3prias proposi\u00e7\u00f5es, est\u00e1 a discuss\u00e3o da vereadora Thays a respeito da alerta de instru\u00e7\u00e3o sobre crimes contra idosos e tamb\u00e9m o coment\u00e1rio da vereadora Cleonice Moller que parabenizou a colega Thays Bieberbach pelo requerimento. Cleo salientou que Uni\u00e3o da Vit\u00f3ria \u00e9 a 33\u00aa cidade do Estado do Paran\u00e1 certificada em 2024 como Amiga da Pessoa Idosa. O Programa Cidades e Comunidades Amigas da Pessoa Idosa da OpaS, Organiza\u00e7\u00e3o Pan Americana da Sa\u00fade e OMS, Organiza\u00e7\u00e3o Mundial da Sa\u00fade, constatou os 15.085 idosos de Uni\u00e3o da Vit\u00f3ria (segundo dados de 2024 pela fonte do site do Giverno do Estado) e ressalta que 44 cidades s\u00e3o certificadas no pa\u00eds. Conforme a orienta\u00e7\u00e3o da vereadora Cleonice os n\u00fameros para den\u00fancia de crimes contra a pessoa idosa \u00e9 o disque 100 ou ainda as informa\u00e7\u00f5es atrav\u00e9s do CREAS 3523 8886.</span></span></p>\r\n<p class=\"western\">Manoela de Paula e Souza<br />Assessora de Comunica\u00e7\u00e3o e Cerimonial<br />C\u00e2mara de Vereadores de Uni\u00e3o da Vit\u00f3ria</p>\r\n<p class=\"western\">\u00a0</p>", "author_name": "", "version": "1.0", "author_url": "https://www.uniaodavitoria.pr.leg.br/author/manoela", "provider_name": " ", "type": "rich"}