{"provider_url": "https://www.uniaodavitoria.pr.leg.br", "title": "18\u00aa SESS\u00c3O ORDIN\u00c1RIA ", "html": "<p class=\"western\">As indica\u00e7\u00f5es foram, em sua grande maioria destinadas a parte urbana, solicita\u00e7\u00f5es de pavimenta\u00e7\u00e3o asf\u00e1ltica, manuten\u00e7\u00e3o de bocas de lobo e manuten\u00e7\u00e3o de vias, sinaliza\u00e7\u00e3o vi\u00e1ria, redutores de velocidade e instala\u00e7\u00e3o de faixas elevadas. Foi solicitado reparos no CMEI Prof\u00aa. Angela Cristina Muller Crestani pelo vereador Cortelini (UNI\u00c3O), a vereadora Thays Bieberbach (PT) indicou a necessidade de um plano de trabalho para reduzir o n\u00famero de ataques de c\u00e3es nas ruas; o Vereador Marcio Fernando Utzig (PSD) solicitou para que a empresa que presta os servi\u00e7os do estacionamento rotativo seja notificada para que prestar esclarecimentos em rela\u00e7\u00e3o a emiss\u00e3o de multas j\u00e1 que n\u00e3o est\u00e3o sendo mais colocadas as notifica\u00e7\u00f5es no papel, e sim apenas via aplicativo. O vereador Alem\u00e3o da Agropecu\u00e1riia (PL) indicou a necessidade de obras de reforma e manuten\u00e7\u00e3o na unidade de sa\u00fade do bairro S\u00e3o Braz.</p>\r\n<p class=\"western\">Quem utilizou a palavra no Grande Expediente foi o vice-presidente da Casa e l\u00edder do governo no legislativo, vereador Cordovan Neto, que falou novammente a respeito da ilumina\u00e7\u00e3o p\u00fablica. O l\u00edder do governo no legislativo discorreu sobre os tr\u00e2mites: no final da semana que antecedeu a 18\u00aa Sess\u00e3o Ordin\u00e1ria, o Prefeito Municipal Ary Carneiro Junior convidou os vereadores para participarem de uma reuni\u00e3o esclarecendo os ajustes no contrato com a empresa licitada para a APP; o Projeto de Lei da ilumina\u00e7\u00e3o foi dado entrada na C\u00e2mara Municipal o qual o vice-presidente, vereador Cordovan mencionou a necessidade de urg\u00eancia de vota\u00e7\u00e3o.</p>\r\n<p class=\"western\">Foi aprovado o regime de urg\u00eancia o Projeto de Lei Ordin\u00e1ria de n.\u00ba19/2025 de autoria do Executivo que trata da ilumina\u00e7\u00e3o p\u00fablica municipal.</p>\r\n<p class=\"western\">Foram aprovados em unanimidade, em 2\u00aa discuss\u00e3o o Projeto de Lei Ordin\u00e1ria n\u00ba 14/2025 que denomina via p\u00fablica em Uni\u00e3o da Vit\u00f3ria e n\u00ba 16/2025 que concede o t\u00edtulo de cidad\u00e3 honor\u00e1ria \u00e0 Sra. Desembargadora L\u00eddia Maejima.</p>\r\n<p class=\"western\">Os requerimentos acolhidos pelos EDIS foram: pela revis\u00e3o de di\u00e1rias dos servidores do Executivo, proposto pelo vereador Cordovan Neto (PSB), provid\u00eancias t\u00e9cnicas e estruturais na Unidade de Sa\u00fade Josiane Dissenha Bohn, proposto pela vereadora Pastora Josi. O presidente da Casa, Vereador Anderson Cripa Luis Cardoso (PR) solicitou atrav\u00e9s de requerimento pavimenta\u00e7\u00e3o asf\u00e1ltica da Rua Laranjeiras do Sul no bairro Bela Vista. Os vereadores Joarez Tica (DC) e Ricardo Adriano Sass (PL) solicitaram para que o Poder Executivo oficie ao Governo do Estado, e ao Instituto \u00c1gua e Terra (IAT), solicitando informa\u00e7\u00f5es atualizadas sobre o andamento da licita\u00e7\u00e3o do anteprojeto, cronograma de execu\u00e7\u00e3o das obras, etapas previstas ap\u00f3s a conclus\u00e3o dos estudos t\u00e9cnicos pedindo para que o Munic\u00edpio cobre oficialmente o cumprimento do compromisso firmado pelo Estado refor\u00e7ando a urg\u00eancia da obra diante da gravidade das \u00faltimas cheias, que causaram preju\u00edzos sociais e econ\u00f4micos significativos \u00e0 popula\u00e7\u00e3o. Marcio Utzig (PSD) solicitou manuten\u00e7\u00e3o das estradas rurais com linhas do itiner\u00e1rio do transporte Escolar; Pires Filho (PP) solicitou recupera\u00e7\u00e3o do piso do p\u00e1tio da Escola Municipal Clementina Lona Costa; Alem\u00e3o da Agropecu\u00e1ria (PL) requereu para que sejam retomadas as obras iniciadas no cemit\u00e9rio, especialmente no que se refere \u00e0 constru\u00e7\u00e3o do gavetas.</p>\r\n<p class=\"western\">Os vereadores que utilizaram a palavra livre foram: Alem\u00e3o da Agropecu\u00e1ria, Ricardo Sass, Marcio Utzig, Marco Borracha, Waldir Cortellini, Cordovan Neto e Anderson Cardoso. O assuunto mais comentado pelos vereadores foi a respeito da ilumina\u00e7\u00e3o p\u00fablica e tamb\u00e9m sobre o estacionamento rotativo. O vereador Cordovan Neto que tamb\u00e9m \u00e9 l\u00edder do executivo anunciou no final da Sess\u00e3o uma reuni\u00e3o com o executivo e secret\u00e1rio de tr\u00e2nsito convidando os vereadores para tratar dos assuntos reveindicados pelos EDIS, como as vagas preferenciais, tempo de cortesia e notifica\u00e7\u00e3o impressa colocada no ve\u00edculo como era feito anteriormente e h\u00e1 pouco tempo alterada sem comunicado pr\u00e9vio.</p>\r\n<p class=\"western\">\u00a0</p>\r\n<p class=\"western\"><span><span>Manoela de Paula e Souza<br /></span></span>Assessora de Comunica\u00e7\u00e3o e Cerimonial<br />C\u00e2mara de Vereadores de Uni\u00e3o da Vit\u00f3ria</p>", "author_name": "", "version": "1.0", "author_url": "https://www.uniaodavitoria.pr.leg.br/author/manoela", "provider_name": " ", "type": "rich"}