{"provider_url": "https://www.uniaodavitoria.pr.leg.br", "title": "16\u00aa SESS\u00c3O ORDIN\u00c1RIA", "html": "<p class=\"western\">As indica\u00e7\u00f5es dos vereadores foram destinadas \u00e0 \u00e1rea de urbanismo solicitando instala\u00e7\u00e3o de lombada, faixa elevada, patrolamento e coloca\u00e7\u00e3o de pedras em vias e ilumina\u00e7\u00e3o em pra\u00e7as p\u00fablicas. O vereador Borracha Caus (PL) solicitou ao Executivo para que aponte os motivos da paralisa\u00e7\u00e3o da obra na Rua Gabriel Bughay; o Vereador Ricardo Adriano Sass (PL) pediu c\u00f3pias de todos os contratos, termos aditivos, ajustes e quaisquer instrumentos jur\u00eddicos celebrados entre o Munic\u00edpio e a atual empresa respons\u00e1vel pela administra\u00e7\u00e3o do estacionamento rotativo. O vereador Cordovan Neto (PSB) solicitou a instala\u00e7\u00e3o de paver em volta do 7\u00ba Col\u00e9gio Militar Dr. Lauro M\u00fcller Soares e Marcio Fernando Utzig (PSD) solicitou esclarecimentos ao Executivo para os Servidores Municipais, por meio de recursos aplic\u00e1veis ao caso, como est\u00e1 sendo realizada a reten\u00e7\u00e3o do Imposto de Renda Pessoa F\u00edsica (IRPF) na folha de pagamento.</p>\r\n<p class=\"western\">A palavra no Grande Expediente foi utilizada pelos vereadores Pastora Josi (DC), Cordovan Neto (PSB) e Anderson Cardoso (PR). A vereadora Pastora Josi fez um relato sobre a situa\u00e7\u00e3o das APAES, que vem sendo segundo a vereadora, motivo de preocupa\u00e7\u00e3o devido uma a\u00e7\u00e3o que busca questionar a exist\u00eancia de escolas especiais. As APAEs, conforme comentou a vereadora, n\u00e3o \u00e9 apenas uma escola, mas um centro completo de apoio \u00e0 fam\u00edlias que sentem-se sozinhas diante de um caminho e encontram na APAE o apoio necess\u00e1rio. O vereador Cordovan Neto comentou sobre emendas vindas ao Munic\u00edpio atrav\u00e9s de sua dedica\u00e7\u00e3o e parabenizou esportistas que representaram o Munic\u00edpio em Campeonatos PR e SC incluindo os representantes da terceira idade. Anderson Cardoso discorreu a respeito do Projeto de Lei de sua autoria para um cuidado especial com os bens p\u00fablicos, atrav\u00e9s da instala\u00e7\u00e3o de c\u00e2meras de monitoramento, com objetivo da seguran\u00e7a e inibi\u00e7\u00e3o de atos de v\u00e2ndolos atrav\u00e9s de uma medida preventiva.</p>\r\n<p class=\"western\">Foi reprovado em unanimidade o regime de urg\u00eancia do Projeto de Lei n.\u00ba15/2025, de autoria do Poder Executivo, que cria cargos em comiss\u00e3o de diretor de sa\u00fade bucal e de chefe do setor jur\u00eddico do munic\u00edpio. Os vereadores Thays, Marcio, Cleonice, Guga, Sass, Borracha, Cordovan Neto e Anderson pronunciaram-se. Sass salientou ser necess\u00e1rio fazer mais com menos e mencionou haver erro na reda\u00e7\u00e3o do projeto onde se reporta, segundo ele, a cria\u00e7\u00e3o de um cargo sendo necess\u00e1rio mencionar o valor exato e n\u00e3o referido em percentual acima de outro cargo. Os vereadores foram un\u00e2nimes da \u00f3tica em avaliar com calma, sem necessidade de regime de urg\u00eancia.</p>\r\n<p class=\"western\">O requerimento aprovado em unanimidade foi de iniciativa do vereador Marcio Utzig (PSD), o qual solicitou a realiza\u00e7\u00e3o de uma reuni\u00e3o com a participa\u00e7\u00e3o do Delegado de Pol\u00edcia, Minist\u00e9rio P\u00fablico, membros do Poder Judici\u00e1rio e Conselho Tutelar do Munic\u00edpio para tratar de assunto de desconforto no corpo docente municipal.</p>\r\n<p class=\"western\">Foi aprovada com dois votos contr\u00e1rios da vereadora Thays Bieberbach (PT) e Cleonice Moller (PP) a mo\u00e7\u00e3o de iniciativa do presidente da Casa, Vereador Anderson Cripa Luis Cardoso (PR), a mo\u00e7\u00e3o de Apoio ao Projeto de Decreto Legislativo n\u00ba 3/2025, que susta os efeitos da Resolu\u00e7\u00e3o n\u00ba 258, de 23 de dezembro de 2024, do Conselho Nacional dos Direitos da Crian\u00e7a e do Adolescente - CONANDA, e ao Projeto de Lei n\u00ba 1904/2024, que visa impedir o reconhecimento do aborto como direito sem limite de tempo gestacional, protegendo a vida desde a concep\u00e7\u00e3o at\u00e9 o nascimento. Atrav\u00e9s da iniciativa do Vereador Cordovan Frederico de Melo Neto (PSB) foi aprovada a mo\u00e7\u00e3o de aplausos \u00e0 Izabella Bieberbach Engroff Galle que liderou a FURIA na conquista hist\u00f3rica do Campeonato Mundial de CS2, em Dallas no dia 25 de maio de 2025.</p>\r\n<p class=\"western\">A Palavra Livre foi utilizada pelos vereadores: Pastora Josi, Marcio Utzig, Guga e Anderson Cardoso. Al\u00e9m de suas pr\u00f3prias proposi\u00e7\u00f5es comentadas pelos vereadores, a vereadora Guga deu o recado \u00e0 popula\u00e7\u00e3o convocando-a para arrecada\u00e7\u00e3o de caminhas e cobertas para animais de rua. A vereadora disponibilizou o endere\u00e7o do ponto de coleta na Av. Jo\u00e3o Pessoa, 1076. Caso o doador n\u00e3o possa comparecer at\u00e9 o ponto de coleta, a vereadora prop\u00f4e-se a buscar os donativos e o contato pode ser atrav\u00e9s de sua rede social.</p>\r\n<p class=\"western\">\u00a0</p>\r\n<p class=\"western\">Manoela de Paula e Souza<br />Assessora de Comunica\u00e7\u00e3o e Cerimonial<br />C\u00e2mara de Vereadores de Uni\u00e3o da Vit\u00f3ria</p>", "author_name": "", "version": "1.0", "author_url": "https://www.uniaodavitoria.pr.leg.br/author/manoela", "provider_name": " ", "type": "rich"}