{"provider_url": "https://www.uniaodavitoria.pr.leg.br", "title": "14\u00aa SESS\u00c3O ORDIN\u00c1RIA", "html": "<p>As indica\u00e7\u00f5es solicitadas pelos vereadores foram em sua grande maioria destinadas \u00e0 \u00e1rea de urbanismo, solicita\u00e7\u00f5es para redes de esgoto, faixa elevada em frente ao CRAS, duas solicita\u00e7\u00f5es de pavimenta\u00e7\u00e3o asf\u00e1ltica. A vereadora Thays Bieberbach indicou a necessidade de resolver problemas relacionados aos computadores das Unidades B\u00e1sicas de Sa\u00fade (UBS) e Alem\u00e3o da Agropecu\u00e1ria(PL), apontou a necessidade em aumentar o n\u00famero de vagas de carga e descarga na Av Manoel Ribas no centro da Cidade.</p>\r\n<p>A Tribuna Popular n\u00e3o foi utilizada na 14\u00aa Sess\u00e3o Ordin\u00e1ria.</p>\r\n<p>Conforme estabelece a Lei e com base no art. 195 do Regimento Interno, foi realizada em vota\u00e7\u00e3o \u00fanica de forma nominal, o Parecer e Projeto de Decreto de n. 1/2025, que disp\u00f5e sobre a aprova\u00e7\u00e3o das contas do exerc\u00edcio de 2022, do ent\u00e3o prefeito Bachir Abbas. O vereador, primeiro secret\u00e1rio e relator da Comiss\u00e3o de Finan\u00e7as, or\u00e7amento e Patrim\u00f4nio, Marco Borracha Caus (PL) antes de fazer a leitura do parecer do relat\u00f3rio embasou seu posicionamento. Oportunidade em que os vereadores Marcio Utzig (PSD) e Ricardo Sass ((PL) tamb\u00e9m posicionaram-se. Marco Borracha e Ricardo Sass foram em linhas de racioc\u00ednio similares, expondo pelo prisma do levantamento geral da situa\u00e7\u00e3o, onde a situa\u00e7\u00e3o do fundo foi prejudicado ao longo dos anos em responsabilidade de gest\u00f5es anteriores e atendo-se ao problema do exerc\u00edcio em quest\u00e3o, entendendo ser o ent\u00e3o prefeito entendido at\u00e9 mesmo pelo Tribunal de Contas, aprovado com ressalvas. O Minist\u00e9rio P\u00fablico reprovou o Projeto de Decreto. O vereador Marcio Utzig manifestou-se com voracidade e respeito a opini\u00e3o dos colegas EDIS, por\u00e9m defendendo veementemente o estudo feito por ele, causa que segundo ele, defende h\u00e1 muitos anos e revela-se como sua maior bandeira, do servidor p\u00fablico e aposentados municipais, segundo ele 1200 servidores e 800 aposentados, apresentando-se indignado diante dos fatos. A leitura referente ao relat\u00f3rio da CCJ apresentou relat\u00f3rio conclusivo acerca do parecer pr\u00e9vio n.o 444/2024 emitido pelo Tribunal de Contas referente \u00e0 presta\u00e7\u00e3o de contas do prefeito Bachir Abbas relativa ao exerc\u00edcio financeiro 2022. O referido parecer foi publicado no Di\u00e1rio Eletr\u00f4nico do Tribunal de Contas n\u00ba 3360, de 19 de dezembro de 2024, o tr\u00e2nsito em julgado da decis\u00e3o se deu em 28 de janeiro de 2025. O Tribunal de Contas emitiu parecer regular com ressalvas iniciando com a inexist\u00eancia do aporte de valores para fins de amortiza\u00e7\u00e3o do d\u00e9ficit atuarial em montante correspondente ou superior ao previsto no resultado de avalia\u00e7\u00e3o atuarial\u201d. Indicou uma diferen\u00e7a a menor de R$18.512.000,12, no pagamento da obriga\u00e7\u00e3o. O gestor informou sobre o parcelamento da diferen\u00e7a a ser recolhida, conforme autorizado por lei. Diante da leitura do relat\u00f3rio e seus detalhes a conclus\u00e3o da CCJ considerou a documenta\u00e7\u00e3o apresentada, o conjunto de justificativas do gestor municipal e o conte\u00fado do Parecer Pr\u00e9vio, emitindo parecer pela aprova\u00e7\u00e3o das contas do exerc\u00edcio de 2022 do Prefeito Bachir Abbas. Vota\u00e7\u00e3o do parecer e do decreto, foram 7 votos favor\u00e1veis, 4 votos contr\u00e1rios, 1 absten\u00e7\u00e3o e 1 ausente. Sendo assim, aprovado o parecer e decreto conforme os votos: Marco Borracha (PL) favor\u00e1vel, Cleonice Moller (PP) favor\u00e1vel, Pires Filho (PP) favor\u00e1vel, Corodovan Neto (PSB) favor\u00e1vel, M\u00e1rcio Utzig (PSD) contr\u00e1rio, Joarez Tica (DC) favor\u00e1vel, Anderson Cardoso (PR) contr\u00e1rio, Waldir Cortellini (UNI\u00c3O) favor\u00e1vel, Alem\u00e3o da Agropecu\u00e1ria (PL) contr\u00e1rio, Thays Bieberbach (PT) absteve-se, Ricardo Sass (PL) favor\u00e1vel, Protetora Guga (UNI\u00c3O) contr\u00e1rio. A vereadora Pastora Josi esteve ausente por problemas particulares.</p>\r\n<p>As mo\u00e7\u00f5es foram de pesar pelos falecimentos de: senhor Carlos Behncke, Agostinho Treuke, Evaldo Varela de Oliveira, jovens Thiago Vanderlei Bay, Gabriel Ela\u00e9rcio Lubanski, Gustavo Aguiar Franco, Andr\u00e9 Luiz Javorivski Palmiro e Jonar Augusto Gerber, ocorrido na madrugada do dia 16 de maio de 2025. A Palavra Livre foi utilizada pelos vereadores Alem\u00e3o da Agropecu\u00e1ria, Marcio Utzig e Thays Bieberbach. Alem\u00e3o falou a respeito de sua proposi\u00e7\u00e3o e Marcio falou sobre seu voto, dizendo que saiu de consci\u00eancia tranquila.</p>\r\n<p>Manoela de Paula e Souza<br />Assessora de Comunica\u00e7\u00e3o e Cerimonial<br />C\u00e2mara de Vereadores de Uni\u00e3o da Vit\u00f3ria</p>", "author_name": "", "version": "1.0", "author_url": "https://www.uniaodavitoria.pr.leg.br/author/manoela", "provider_name": " ", "type": "rich"}