{"provider_url": "https://www.uniaodavitoria.pr.leg.br", "title": "13\u00aa SESS\u00c3O ORDIN\u00c1RIA", "html": "<p>Entre as indica\u00e7\u00f5es que fizeram parte da Sess\u00e3o Ordin\u00e1ria est\u00e3o solicita\u00e7\u00f5es para a \u00e1rea urbana, sinaliza\u00e7\u00e3o e instala\u00e7\u00e3o de lombada e faixa elevada, pavimenta\u00e7\u00e3o asf\u00e1ltica, manuten\u00e7\u00e3o de ilumina\u00e7\u00e3o p\u00fablica, servi\u00e7os de limpeza, ro\u00e7ada e recupera\u00e7\u00e3o de passeios, limpeza e manuten\u00e7\u00e3o do cemit\u00e9rio no Centro da Cidade e implanta\u00e7\u00e3o de mais lixeiras no centro da cidade. A vereadora Pastora Josi (DC) solicitou a troca do telhado do 'Posto de Sa\u00fade' do Bela Vista e o presidente da Casa, vereador Anderson Cardoso (PR) solicitou para que os medicamentos sejam entregues diretamente pela UPA Warrib Motta tamb\u00e9m aos finais de semana (sexta, s\u00e1bado e domingo), especialmente para casos urgentes.</p>\r\n<p>Foi aprovado por unanimidade a medida de urg\u00eancia do Projeto de lei ordin\u00e1ria de n.\u00ba12/2025, de autoria do Poder Executivo, que disp\u00f5e sobre a reposi\u00e7\u00e3o salarial autorizando a conceder reposi\u00e7\u00e3o inflacion\u00e1ria e aumento real nos vencimentos dos servidores da administra\u00e7\u00e3o direta e indireta e aos proventos do inativos e pensionistas do munic\u00edpio, no percentual de 4,83% de infla\u00e7\u00e3o e mais 1,17% de aumento real, totalizando 6% a partir do m\u00eas de mar\u00e7o de 2025. O mesmo foi aprovado por unanimidade em sess\u00e3o extraordin\u00e1ria na sequ\u00eanncia da 13\u00aa sess\u00e3o junto ao Projeto de lei N\u00ba15/2025 que disp\u00f5e sobre a reposi\u00e7\u00e3o salarial dos servidores do poder legislativo municipal.</p>\r\n<p>Os vereadores J\u00falio Adilson Pures Filho (PP) e Ricardo Adriano Sass (PL) fizeram uso da palavra no Grande Expediente com o assunto ilumina\u00e7\u00e3o p\u00fablica. Ambos solicitamram esclarecimentos sobre o assunto aos \u00f3rg\u00e3os competentes e seus respons\u00e1veis. O vereador Pires Filho chegou a mostrar um v\u00eddeo na Tribuna com o secret\u00e1rio de finan\u00e7as demonstrando posicionamento divergente ao atualmente apresentado sobre o contrato de ilumina\u00e7\u00e3o p\u00fablica.</p>\r\n<p>Al\u00e9m de pavimenta\u00e7\u00e3o asf\u00e1ltica, remo\u00e7\u00e3o de res\u00edduos acumulados ap\u00f3s o corte de mato e medidas para a preven\u00e7\u00e3o de acidentes na entrada do Bairro Bom Jesus os requerimentos seguintes foram propostos pelos vereadores: Cordovan Neto (PSB) prop\u00f4s o requerimento solicitando a implanta\u00e7\u00e3o de um Complexo de Eventos Automotores em parte do terreno da \u00e1rea industrial do munic\u00edpio. A proposta \u00e9 utilizar uma pequena parte desse espa\u00e7o para a constru\u00e7\u00e3o de uma pista de motocross, uma pista de arrancada, al\u00e9m de locais adequados para encontros de ve\u00edculos rebaixados, eventos de som automotivo, feiras de autom\u00f3veis e eventos correlatos.</p>\r\n<p>O vereador Anderson Cripa Luis Cardoso (PR), solicitou a secretaria competente para que sejam adotadas medidas efetivas para o enfrentamento do elevado n\u00famero de tentativas de atentados \u00e0 pr\u00f3pria vida no munic\u00edpio, com base nas informa\u00e7\u00f5es fornecidas pelo 3\u00ba Pelot\u00e3o de Bombeiros de Uni\u00e3o da Vit\u00f3ria. Marcio, Thays e Cleonice comentaram apoiando o requerimento. As vereadoras Pastora Josi (DC) solicitou \u00e0 Delegacia-Geral da Pol\u00edcia Civil do Paran\u00e1 e \u00e0 Coordenadoria das Delegacias da Mulher, o destacamento de uma delegada de pol\u00edcia do sexo feminino para atuar na Delegacia da Mulher do munic\u00edpio de Uni\u00e3o da Vit\u00f3ria \u2013 PR e Protetora Guga (UNI\u00c3O) solicitou ao setor de Defesa Animal a apresenta\u00e7\u00e3o de documentos em busca da consolida\u00e7\u00e3o de informa\u00e7\u00f5es fundamentais para a fiscaliza\u00e7\u00e3o parlamentar.</p>\r\n<p>O vereador Pires Filho (PP) e Thays Bieberbach (PT) solicitaram ao Secret\u00e1rio Municipal de Finan\u00e7as, Sr. Cachoeira, para que compare\u00e7a \u00e0 Tribuna da C\u00e2mara Municipal de Uni\u00e3o da Vit\u00f3ria em data a ser agendada, com a finalidade de prestar esclarecimentos da Parceria P\u00fablico Privada da Ilumina\u00e7\u00e3o P\u00fablica. Este foi o assunto mais comentado entre os pares, que aprovaram em unanimidade o requerimento. A evid\u00eancia foi resumida pelo presidente da Casa, vereador Anderson Cardoso, que parabenizou os vereadores pelo interesse em resolver com a maior agilidade poss\u00edvel o problema da ilumina\u00e7\u00e3o p\u00fablica de Uni\u00e3o da Vit\u00f3ria.</p>\r\n<p>O Vereador Alem\u00e3o da Agropecu\u00e1ria (PL) prop\u00f4s a mo\u00e7\u00e3o de aplausos aos Policiais Militares que atuaram na ocorr\u00eancia de prote\u00e7\u00e3o animal no bairro Panorama: Aspirante Matheus H. Wonsowski; Soldado Rony Peterson Ramos; Soldado Daniel Cordeiro e Soldado Eric Roberto Petry, no atendimento de uma ocorr\u00eancia de omiss\u00e3o de cautela na guarda de animais, no bairro Panorama, envolvendo um cachorro da ra\u00e7a Pitbull solto na rua, que infelizmente entrou em confronto com outro c\u00e3o, levando \u00e0 morte deste \u00faltimo. Os policiais contribuiram diretamente para que o animal ferido recebesse atendimento emergencial em uma cl\u00ednica veterin\u00e1ria especializada.</p>\r\n<p>Os vereadores que utilizaram a palavra livre foram vereadora Guga, Borracha, Marcio, Thays, Pastora Josi, Alem\u00e3o da Agro, Cordovan Neto, Anderson Cardoso e Ricardo Sass.</p>\r\n<p>Manoela de Paula e Souza <br />Assessora de Comunica\u00e7\u00e3o e Cerimonial <br />C\u00e2mara de Vereadores de Uni\u00e3o da Vit\u00f3ria</p>", "author_name": "", "version": "1.0", "author_url": "https://www.uniaodavitoria.pr.leg.br/author/manoela", "provider_name": " ", "type": "rich"}