{"provider_url": "https://www.uniaodavitoria.pr.leg.br", "title": "12\u00aa SESS\u00c3O ORDIN\u00c1RIA ", "html": "<p>Foram feitas diversas indica\u00e7\u00f5es na \u00e1rea de urbanismo, como manuten\u00e7\u00e3o ou substiitui\u00e7\u00e3o do ponto de \u00f4nibus do Bairro S\u00e3o Sebasti\u00e3o, manuten\u00e7\u00e3o de vias, bocas de lobo, instala\u00e7\u00e3o de lombadas e melhorias em desn\u00edveis de vias. O vereador Pires Filho solicitou a apresenta\u00e7\u00e3o da rela\u00e7\u00e3o atualizada dos campos esportivos municipais com a finalidade de esclarecer \u00e0 popula\u00e7\u00e3o quais espa\u00e7os esportivos s\u00e3o p\u00fablicos e se h\u00e1 regulamenta\u00e7\u00e3o quanto \u00e0 cobran\u00e7a de taxas para uso.</p>\r\n<p>A palavra na Tribuna Popular foi utilizada pelos presidente e vice-presidente, vereadores Anderson Cardoso e Cordovan Neto e o assunto foi ilumina\u00e7\u00e3o p\u00fablica. Durante o uso da palavra no grande expediente, o vereador Cordovan Neto fez um resumo para a popula\u00e7\u00e3o de toda a situa\u00e7\u00e3o do impasse na solu\u00e7\u00e3o da quest\u00e3o da ilumina\u00e7\u00e3o. O vereador que \u00e9 l\u00edder do governo executivo na C\u00e2mara, explicou que o valor de 109 milh\u00f5es para o investimento no contrato firmado na \u00e9poca da gest\u00e3o do ent\u00e3o prefeito Santin Roveda, seria referente a 23 anos de servi\u00e7o contratado com a empresa. Neto fez uma an\u00e1lise comparativa em refer\u00eancia ao ano de 2024, onde a prefeitura gastou 4,8 milh\u00f5es e mais 1,7 milh\u00f5es em manuten\u00e7\u00e3o, chegando a um total de 6,5 milh\u00f5es aproximados anual. O que \u00e9 possivel observar a discrep\u00e2ncia, segundo ele, comparados aos 109 milh\u00f5es, uma economia de mais de 40 milh\u00f5es, sem os reajustes. O projeto, segundo ele, mostra-se interessante vindo para inovar e resolver a quest\u00e3o. O presidente do legislativo nomeou Cordovan Neto para companhar o funcionamento do servi\u00e7o da Empresa, o qual esteve em Porto Alegre, onde a Empresa j\u00e1 presta servi\u00e7o. O vereador sugeriu a realiza\u00e7\u00e3o de uma audi\u00eancia p\u00fablica a ser realizada pela C\u00e2mara de Vereadores sobre o assunto e o presidente vereador Anderson Cardoso apoiou a ideia em sua palavra na Tribuna.</p>\r\n<p>Em vota\u00e7\u00e3o \u00fanica foran aprovados por unanimidade os Projetos de Lei Ordin\u00e1ria n\u00ba:</p>\r\n<p>\u2013 6/2025 que altera o Projeto de Lei\u00ba 4845 de 25 de outubro de 2019;<br />\u2013 13/2025 que altera a Lei 4553/2015, a qual disp\u00f5e e regulamenta o estacionamento rotativo de ve\u00edculos de Uni\u00e3o da Vit\u00f3ria; <br />\u2013 6/2025 que define data base para reajuste e ou reposi\u00e7\u00e3o salarial ao quadro geral de servidores e agentes pol\u00edticos do Munic\u00edpio de Uni\u00e3o da Vit\u00f3ria; <br />\u2013 8/2025 altera a Lei Municipal 3628/2008, onde em sua reda\u00e7\u00e3o passar\u00e1 a constar: \"Todo expediente referente ao FUMPREVI seja concess\u00e3o de benef\u00edcios cheques, movimentos de contas banc\u00e1rias, regulamenta\u00e7\u00f5es, portarias, resolu\u00e7\u00f5es, etc, ser\u00e3o subscritos pelo Secret\u00e1rio Municipal de Finan\u00e7as e Diretor/Gestor FUMPREVI.<br />\u2013 11/2025 que disp\u00f5e sobre a concess\u00e3o de gratifica\u00e7\u00f5es a servidores efetivos no \u00e2mbito do Poder Executivo do Munic\u00edpio de Uni\u00e3o da Vit\u00f3ria.</p>\r\n<p>Em 2\u00aa discuss\u00e3o e vota\u00e7\u00e3o do Projeto de Lei Ordin\u00e1ria n\u00ba 11/2025 que concede o t\u00edtulo de utilidade p\u00fablica a coordenadora da 17.a Regi\u00e3o Tradicionalista do MTG PR e d\u00e1 outras provid\u00eancias.</p>\r\n<p>Entre os requerimentos, a vereadora Protetora Guga (UNI\u00c3O) solicitou ao Executivo para que seja feita a regulamenta\u00e7\u00e3o da Lei Ordin\u00e1ria n\u00ba 5199/2025, especialmente quanto \u00e0 defini\u00e7\u00e3o dos \u00f3rg\u00e3os e/ou agentes competentes para exercer a fiscaliza\u00e7\u00e3o quanto ao uso de fogos de artif\u00edcio com estampido no Munic\u00edpio. O vereador Cordovan Neto (PSB) pediu a revitaliza\u00e7\u00e3o completa da \u00e1rea localizada nos fundos do Gin\u00e1sio de Esportes Israel Pastuch e do campo conhecido popularmente como \u201ccampo da Dona Maria\u201d. O vereador Marcio Fernando Utzig (PSD) que sejam disponibilizados aos servidores p\u00fablicos municipais os demonstrativos da folha de pagamento com anteced\u00eancia ao recebimento dos vencimentos; o vereador J\u00falio Adilson Pires Filho (PP) solicitou a a constru\u00e7\u00e3o de um novo Centro Comunit\u00e1rio no Loteamento Ang\u00e9lica e os vereadores Thays Bieberbach (PT), Cleonice Martinazzo Moller (PP) e Marco Ant\u00f4nio Caus (PL) pediram informa\u00e7\u00f5es a respeito do repasse da complementa\u00e7\u00e3o do Piso Nacional da Enfermagem.</p>\r\n<p>Os vereadores Alem\u00e3o da Agropecu\u00e1ria, J\u00falio Adilson Pires Filho, Marcio Utzig, Marco Borracha, Ricardo Adriano Sass, Thays Bieberbach, Cordovan Neto e Anderson Cardoso utilizaram o espa\u00e7o na palavra livre. O assunto mais comentado foi a ilumina\u00e7\u00e3o p\u00fablica. O Primeiro secret\u00e1rio, vereador Borracha mostrou-se contr\u00e1rio a ideia da audi\u00eancia p\u00fablica alegando interfer\u00eancia no servi\u00e7o do judici\u00e1rio, dizendo ser necess\u00e1rio primeiro a decis\u00e3o judicial. Ricardo Sass comentou haver muitas falhas no contrato, mas n\u00e3o apontou quais. Os vereadores todos em seus discursos mostraram-se favor\u00e1veis para melhorar a ilumina\u00e7\u00e3o do Munic\u00edpio, por\u00e9m alguns tem d\u00favidas quanto ao contrato firmado com a empresa na \u00e9poca do ent\u00e3o prefeito Santin Roveda, contrato este que encontra-se atualmente em impasse judicial. A Empresa IP Foco esteve presente na C\u00e2mara Municipal no dia 26 de mar\u00e7o em reuni\u00e3o com vereadores, estiveram presentes os vereadores Anderson Cardoso, Cordovan Neto, Alem\u00e3o da Agropecu\u00e1ria, Borracha, Waldir Cortellinni e Ricardo Sass. Cordovan Neto salientou que s\u00f3 n\u00e3o quer que se passem mais 4 ou 5 anos e nada seja feito e a responsabilidade dos vereadores \u00e9 trabalhar pela popula\u00e7\u00e3o e que est\u00e3o buscando alternativas para contribuir na solu\u00e7\u00e3o do problema da ilumina\u00e7\u00e3o na cidade. A vereadora Thays alegou a mudan\u00e7a dos discursos ao que o vice-presidente, vereador Anderson chamou a aten\u00e7\u00e3o da vereadora por n\u00e3o comparecer em algumas reuni\u00f5es, por exemplo com a empresa de ilumina\u00e7\u00e3o para poder debater o tema.</p>\r\n<p>Manoela de Paula e Souza<br />Assessora de Comunica\u00e7\u00e3o e Cerimonial <br />C\u00e2mara de Vereadores de Uni\u00e3o da Vit\u00f3ri</p>", "author_name": "", "version": "1.0", "author_url": "https://www.uniaodavitoria.pr.leg.br/author/manoela", "provider_name": " ", "type": "rich"}