{"provider_url": "https://www.uniaodavitoria.pr.leg.br", "title": "12\u00aa SESS\u00c3O ORDIN\u00c1RIA ", "html": "<p>As necessidades na \u00e1rea urbana como manuten\u00e7\u00e3o de vias p\u00fablicas, pavimenta\u00e7\u00e3o e implanta\u00e7\u00e3o de vagas de estacionamento normalmente apontadas nas sess\u00f5es ordin\u00e1rias, fizeram parte de algumas indica\u00e7\u00f5es protocoladas ao Executivo por parte dos EDIS. O presidente da Casa, vereador Anderson Cripa Luis Cardoso (PR) solicitou nivelamento de cal\u00e7ada na \u00e1rea central e vagas exclusivas de estacionamento para idosos e pessoas com defici\u00eancia no Bairro Rocio; Cordovan Neto (PSB) pediu abertura e conclus\u00e3o de via p\u00fablica no Bairro S\u00e3o Sebasti\u00e3o e disponibiliza\u00e7\u00e3o de kit lanches aos pacientes que se deslocam para tratamento fora do domic\u00edlio (TFD) em outros munic\u00edpios. A vereadora Protetora Guga (UNI\u00c3O) e Marcio Utzig (PSD) solicitaram ado\u00e7\u00e3o de medidas voltadas ao controle populacional de animais abandonados em vias e logradouros p\u00fablicos. A vereadora Cleonice Moller (PP) solicitou uma farm\u00e1cia municipal de manipula\u00e7\u00e3o e junto e o vereador Marcio Utzig (PSD) o retorno de Escolinha de Bocha nas depend\u00eancias do Ferrovi\u00e1rio Esporte Clube.</p>\r\n<p>O senhor Nelson Ronaldo Pedroso, gerente regional SECID, Secretaria das Cidades em Uni\u00e3o da Vit\u00f3ria, utilizou a palavra na Tribuna Popular e discorreu a respeito da Confer\u00eancia Municipal de Uni\u00e3o da Vit\u00f3ria e o andamento das principais obras do governo do estado em Uni\u00e3o da Vit\u00f3ria.</p>\r\n<p>O vice-presidente da Casa, vereador Cordovan Neto tamb\u00e9m utilizou a palavra no grande expediente e falou a respeito da sua principal \u00e1rea de atua\u00e7\u00e3o e profiss\u00e3o de forma\u00e7\u00e3o, o esporte. O vereador Cordovan Neto fez um levantamento geral de calend\u00e1rio, campeonatos e seus resultados que envolvem esportistas e equipes do Munic\u00edpio, tecendo diversas homenagens aos vencedores nas modalidades de basquete, karat\u00ea, taekwondo, voleibol, futsal, xadrez, t\u00eanis de mesa entre outros.</p>\r\n<p>Foram aprovados por unanimidade: Em vota\u00e7\u00e3o \u00fanica o Projeto de Lei Ordin\u00e1ria n\u00ba 7/2025, que disp\u00f5e disp\u00f5e sobre prorroga\u00e7\u00e3o de prazo constante do artigo 3\u00ba da Lei Municipal n\u00ba 4400/2014 e em 1\u00aa discuss\u00e3o o Projeto de Lei Ordin\u00e1ria n\u00ba 11/2025, que concede o t\u00edtulo de utilidade p\u00fablica a coordenadoria da 17\u00aa Regi\u00e3o Tradicionalista do MTG PR. Al\u00e9m de requerimentos por melhorias de acessibilidade na \u00e1rea urbana e pavimenta\u00e7\u00e3o de ruas, foram aprovados os requerimentos para constru\u00e7\u00e3o de uma ciclovia no trecho do Trevo do Miguel Forte; capta\u00e7\u00e3o de recursos financeiros para viabiliza\u00e7\u00e3o de um Centro de Eventos no Munic\u00edpio entre as rodovi\u00e1rias das cidades irm\u00e3s; retirada de lombadas em localidades do Distrituo de S\u00e3o Crist\u00f3v\u00e3o, provid\u00eancias para conten\u00e7\u00e3o no parquinho localizado no bairro Lagoa Dourada e solicita\u00e7\u00e3o de provid\u00eancias para limpeza de terreno. Foram acolhidas as mo\u00e7\u00f5es de aplausos: aos membros da Comiss\u00e3o Organizadora do Encontro dos eternos integrantes do 5o. Batalh\u00e3o de Engenharia de Combate Blindado de Porto Uni\u00e3o-SC; \u00e0 ASPUVA pelas medalhas conquistadas no Campeonato Catarinense de T\u00eanis de Mesa, \u00e0 comemora\u00e7\u00e3o pela passagem do Dia Nacional da Libras e ao maior a\u00e7ougueiro do Brasil Jonatan Basquera. Os vereadores que usaram a palavra livre no pequeno expediente foram Thays Bieberbach (PT), Marcio Utzig (PSD), Alem\u00e3o Arndt (PL), Cordovan Neto (PSB), Ricardo Sass (PL) e Anderson Cardoso (PR). O assunto mais discutido foi a respeito da educa\u00e7\u00e3o. O representante do legislativo no executivo vereador Cordovan Neto, defendeu junto aos vereadores os professores e explanou a respeito da burocracia exigida por lei para tr\u00e2mites e salientou a paci\u00eancia necess\u00e1ria para a normaliza\u00e7\u00e3o de situa\u00e7\u00e3o entre colaboradores, empresa contratada para pagamento e contrata\u00e7\u00e3o.</p>\r\n<p>Manoela de Paula e Souza <br />Assessora de Comunica\u00e7\u00e3o e Cerimonial <br />C\u00e2mara de Vereadores de Uni\u00e3o da Vit\u00f3ria.</p>", "author_name": "", "version": "1.0", "author_url": "https://www.uniaodavitoria.pr.leg.br/author/manoela", "provider_name": " ", "type": "rich"}