{"provider_url": "https://www.uniaodavitoria.pr.leg.br", "title": "10\u00aa SESS\u00c3O ORDIN\u00c1RIA ", "html": "<p>O vice-presidente, vereador Codovan Frederico de Melo Neto (PP) enviou of\u00edcio justificando sua falta e o presidente, vereador Anderson Cardoso (PR) indicou o vereador Marcio Fernando Utzig para ocupar o lugar durante a Sess\u00e3o.</p>\r\n<p>As indica\u00e7\u00f5es do expediente foram: os vereadores Cordovan Frederico de Melo Neto (PSB) indicou a necessidade de reforma completa do terminal de \u00f4nibus localizado na regi\u00e3o central e para realiza\u00e7\u00e3o do circuito de corrida de rua e Waldir Cortellini (UNI\u00c3O) solicitou melhorias no tr\u00e1fego na ponte do arco.Tamb\u00e9m foi solicitada a limpeza do parque localizado no bairro Dona Mercedes por parte do vereador Joarez Tica (DC) e o vereador Marcio Utzig (PSD) pediu para que atrav\u00e9s da lei municipal seja fornecido o aux\u00edlio-transporte em valor fixo e em moeda corrente nacional aos servidores p\u00fablicos estatut\u00e1rios. As demais indica\u00e7\u00f5es foram em sua grande maioria relacionadas a melhorias na parte de manuten\u00e7\u00e3o de vias, ilumina\u00e7\u00e3o p\u00fablica, sinaliza\u00e7\u00e3o, faixas de eleva\u00e7\u00e3o e manuten\u00e7\u00e3o de tubula\u00e7\u00e3o.</p>\r\n<p>A palavra no grande expediente foi utilizada pelas vereadoras Cleonice Moller (PP) e Pastora Josi (DC). Cleonice falou a respeito da sa\u00fade de Uni\u00e3o da Vit\u00f3ria tecendo cr\u00edticas ao Executivo para a referida \u00e1rea, alegando filas longas para consultas e exames. A Pastora cobrou a situa\u00e7\u00e3o de limpeza dos bairros e terrenos baldios, visto que segundo ela, durante o \u00faltimo final de semana, foi novamente encontrado o corpo de uma mullher. O local, segundo a m\u00eddia local e conforme comentou a vereadora, tem sido amparo para usu\u00e1rios de drogas e no \u00faltimo dia 8 de mar\u00e7o, dia da mulher, o corpo de uma jovem foi encontrado no mesmo local. A vereadora pediu urg\u00eancias provid\u00eancias.</p>\r\n<p>O Projeto de Lei 5/2025, ora aprovado em unanimidade pelos vereadores na C\u00e2mara Municipal, que em sua reda\u00e7\u00e3o concede o t\u00edtulo de utilidade p\u00fablica municipal \u00e0 Associa\u00e7\u00e3o de Preven\u00e7\u00e3o de C\u00e2ncer de Colo Uterino \u2013 APCCU foi amplamente discutido na Casa de Leis. Os vereadores reuniram-se e discutiram a respeito em mais de uma reuni\u00e3o das comiss\u00f5es, que acontece semanalmente todas as manh\u00e3s das segundas feiras. Conforme o vereador Anderson Cardoso (PR) comentou em entrevista, a documenta\u00e7\u00e3o por parte da Associa\u00e7\u00e3o foi enviada de forma satisfat\u00f3ria e o m\u00e9dico respons\u00e1vel pelo Projeto Dr. Luis Roberto Santos Pires chegou a solicitar o uso da Tribuna Popular e utilizar a palavra no dia 19 de fevereiro de 2025, oportundade em que os EDIS conheceram melhor o projeto que posteriormente foi aprovado em unanimidade e seguiu ao Executivo em tr\u00e2mite normal para ser sancionado. O Prefeito Ary Carneiro Junior vetou o Projeto aprovado que retornou \u00e0 C\u00e2mara Municipal. Durante a Sess\u00e3o desta segunda-feira o veto foi votado pelos vereadores, que em unanimidade votaram contr\u00e1rios ao veto do prefeito, com exce\u00e7\u00e3o do vereador Cordovan Neto que n\u00e3o esteve presente. Alguns manifestaram sua opini\u00e3o, assustados como o prefeito que \u00e9 m\u00e9dico, reprova um Projeto que vem para colaborar com a sa\u00fade das mulheres de Uni\u00e3o da Vit\u00f3ria, atrav\u00e9s do combate e preven\u00e7\u00e3o do c\u00e2ncer de colo de \u00fatero. O PL agora ser\u00e1 sancionado pela pr\u00f3rpia Casa de Leis.</p>\r\n<p>Os requerimentos aprovados partiram da iniciativas dos vereadores: Pastora Josi (DC) que solicitou a reforma do Centro Comunit\u00e1rio do bairro S\u00e3o Gabriel; Cleonice Martinazzo Moller (PP) e a Thays Bieberbach (PT) solicitaram informa\u00e7\u00f5es sobre a lista de espera para consultas, exames e cirurgias em todas as especialidades m\u00e9dicas, visando \u00e0 transpar\u00eancia no atendimento \u00e0 sa\u00fade. Vereador Marco Ant\u00f4nio Caus (PL) solicitou para que seja revogado o art. 13 da Lei Municipal n\u00ba 4.754, de 9 de julho de 2018, que disp\u00f5e: \"Art. 13. O Tax\u00edmetro ser\u00e1 implantado nos ve\u00edculos que exploram os servi\u00e7os de t\u00e1xi no per\u00edodo de 12 (doze) meses contados da publica\u00e7\u00e3o desta Lei.\". O vereador Waldir Luiz Cortellini (UNI\u00c3O) pediu a retirada dos containers localizados na mini arena do bairro S\u00e3o Sebasti\u00e3o; Jonimar Roberto Arndt (PL) requereu a constru\u00e7\u00e3o de acessos destinados a pessoas com mobilidade reduzida ao longo da Avenida Paula Freitas; Evelin de Paula Dias (UNI\u00c3O) e Marcio Fernando Utzig (PSD) solicitaram a constru\u00e7\u00e3o de uma quadra coberta na Escola Municipal Prof\u00aa Miguelina Hessa Treuke. O vereador J\u00falio Adilson Pires Filho (PP) solicitou instala\u00e7\u00e3o de postes em vias do Bairro S\u00e3o Bas\u00edlio Magno; Marcio Fernando Utzig (PSD) solicitou a elabora\u00e7\u00e3o de Processo Seletivo Simplificado (PSS) para contrata\u00e7\u00e3o por prazo determinado de profissionais para a fun\u00e7\u00e3o de Monitor (20h e 30h semanais) e o presidente da Casa, vereador Anderson Cripa Luis Cardoso (PR) pediu avalia\u00e7\u00e3o do sem\u00e1foro localizado no Bairro Rocio, a fim de que seja ampliado o tempo de abertura.</p>\r\n<p>Os vereadores que utilizaram a palavra livre foram Alem\u00e3o Arndt (PL), Marco Caus Borracha (PL), Cleonice Moller (PP), Marcio Utzig (PSD) e Ricardo Sass (PL).</p>\r\n<p>Os assuntos mais comentados pelos vereadores foram cobran\u00e7as principalmente na \u00e1rea de sa\u00fade, pela diminui\u00e7\u00e3o nas filas de consultas, exames e medicamentos que v\u00eam faltando para doen\u00e7as graves na Farm\u00e1cia Municipal, segundo apontou a vereadora Cleonice. Tamb\u00e9m foi cobrada a aus\u00eancia de acessibilidade em diversos lugares do Munic\u00edpio e a quest\u00e3o do Estar que regula o estacionamento rotativo municipal, foi apontado pelos vereadores com irregularidades, conforme comentaram os vereadores Cleonice, Borracha, Sass e Anderson.</p>\r\n<p>Manoela de Paula e Souza <br />Assessora de Comunica\u00e7\u00e3o e Cerimonial<br />C\u00e2mara de Vereadores de Uni\u00e3o da Vit\u00f3ria</p>", "author_name": "", "version": "1.0", "author_url": "https://www.uniaodavitoria.pr.leg.br/author/manoela", "provider_name": " ", "type": "rich"}